{"id":240673,"date":"2013-05-09T20:29:04","date_gmt":"2013-05-09T18:29:04","guid":{"rendered":"http:\/\/www.ivg.it\/?p=240673"},"modified":"2013-05-09T20:29:04","modified_gmt":"2013-05-09T18:29:04","slug":"motori-saluzzo-master-show-fulvio-florean-al-volante-con-labath-punto","status":"publish","type":"post","link":"https:\/\/staging.ivg.it\/2013\/05\/motori-saluzzo-master-show-fulvio-florean-al-volante-con-labath-punto\/","title":{"rendered":"Motori, Saluzzo Master Show: Fulvio Florean al volante con l&#8217;Abath Punto"},"content":{"rendered":"<p><strong>Savona<\/strong>. E&#8217; ancora sotto il segno dello scorpione, il fine settimana motoristico di Fulvio Florean. L&#8217;esperto copilota savonese, portacolori della scuderia Happy Racer, sar\u00e0 al via del Saluzzo Master Show sul sedile della Abarth Punto Super2000 curata dal team D&#8217;Ambra. La stessa che, appena sette giorni fa, ha elevato il copilota ligure sul gradino pi\u00f9 alto del podio del Rally Valli del Bormida, a Millesimo, al fianco di Elwis Chentre.<\/p>\n<p>\u201cAl Saluzzo Master Show, per\u00f2, sieder\u00f2 sul sedile di sinistra \u2013 ha anticipato Florean a pochi giorni dal via \u2013 per divertirmi e proseguire un cammino soddisfacente sotto il segno della Punto del team D&#8217;Ambra\u201d.<\/p>\n<p>Un&#8217;esperienza messa in programma a margine delle apparizioni \u201cal volante\u201d della passata stagione, sui sedili della Peugeot 206 WRC, al Ferrania Motorshow e sulla Citroen Xsara WRC, proprio a Saluzzo.<\/p>\n<p>Belle sensazioni, quelle espresse nelle ultime apparizioni da pilota. Due giorni di spettacolo, impreziosite dai passaggi notturni del sabato e dal prosieguo del giorno seguente. La manifestazione avr\u00e0 inizio alle ore 19 di sabato 11 maggio, a Saluzzo, mentre la chiusura dell&#8217;evento \u00e8 stata programmata per le ore 18 del giorno seguente, con il Master Show dei protagonisti che spegner\u00e0 i propri motori.<\/p>\n","protected":false},"excerpt":{"rendered":"<p>Savona. E&#8217; ancora sotto il segno dello scorpione, il fine settimana motoristico di Fulvio Florean. L&#8217;esperto copilota savonese, portacolori della scuderia Happy Racer, sar\u00e0 al via del Saluzzo Master Show sul sedile della Abarth Punto Super2000 curata dal team D&#8217;Ambra. La stessa che, appena sette giorni fa, ha elevato il copilota ligure sul gradino pi\u00f9 [&hellip;]<\/p>\n","protected":false},"author":13744,"featured_media":0,"comment_status":"open","ping_status":"closed","sticky":false,"template":"","format":"standard","meta":{"footnotes":""},"categories":[32],"tags":[4246,85850],"class_list":["post-240673","post","type-post","status-publish","format-standard","hentry","category-sport","tag-fulvio-florean","tag-savona","post_cat_citta-savona"],"amp_validity":null,"amp_enabled":true,"_links":{"self":[{"href":"https:\/\/staging.ivg.it\/ediapi\/wp\/v2\/posts\/240673","targetHints":{"allow":["GET"]}}],"collection":[{"href":"https:\/\/staging.ivg.it\/ediapi\/wp\/v2\/posts"}],"about":[{"href":"https:\/\/staging.ivg.it\/ediapi\/wp\/v2\/types\/post"}],"author":[{"embeddable":true,"href":"https:\/\/staging.ivg.it\/ediapi\/wp\/v2\/users\/13744"}],"replies":[{"embeddable":true,"href":"https:\/\/staging.ivg.it\/ediapi\/wp\/v2\/comments?post=240673"}],"version-history":[{"count":0,"href":"https:\/\/staging.ivg.it\/ediapi\/wp\/v2\/posts\/240673\/revisions"}],"wp:attachment":[{"href":"https:\/\/staging.ivg.it\/ediapi\/wp\/v2\/media?parent=240673"}],"wp:term":[{"taxonomy":"category","embeddable":true,"href":"https:\/\/staging.ivg.it\/ediapi\/wp\/v2\/categories?post=240673"},{"taxonomy":"post_tag","embeddable":true,"href":"https:\/\/staging.ivg.it\/ediapi\/wp\/v2\/tags?post=240673"}],"curies":[{"name":"wp","href":"https:\/\/api.w.org\/{rel}","templated":true}]}}