{"id":240659,"date":"2013-05-09T17:59:20","date_gmt":"2013-05-09T15:59:20","guid":{"rendered":"http:\/\/www.ivg.it\/?p=240659"},"modified":"2013-05-10T13:34:29","modified_gmt":"2013-05-10T11:34:29","slug":"inammissibile-il-ricorso-del-monza-il-savona-e-ufficialmente-in-prima","status":"publish","type":"post","link":"https:\/\/staging.ivg.it\/2013\/05\/inammissibile-il-ricorso-del-monza-il-savona-e-ufficialmente-in-prima\/","title":{"rendered":"Inammissibile il ricorso del Monza, il Savona \u00e8 in Prima Divisione"},"content":{"rendered":"<p>Il Savona \u00e8 ufficialmente in Prima divisione, la vecchia serie C1, la Corte di Giustizia Federale si \u00e8 infatti riunita  oggi e ha giudicato inammissibile il ricorso del Monza che in caso contrario avrebbe obbligato i ragazzi di Mister Corda a guadagnarsi la promozione domenica prossima sul campo del Venezia.<\/p>\n<p>Ecco il comunicato integrale: La Corte di Giustizia Federale riunita in sezioni unite ha giudicato inammissibile il ricorso per revisione ex art. 39, comma 2,<br \/>\nC.G.S. dell&#8217;A.C. Monza Brianza 1912 S.p.A. avverso la sanzione della penalizzazione di 4 punti in classifica da scontarsi nella stagione sportiva 2012-2013, a titolo di responsabilit\u00e0 oggettiva ai sensi dell\u2019art. 7, commi 4 e 6, e dell\u2019art. 4, comma 2, C.G.S. in ordine agli addebiti contestati ai propri tesserati Luca Fiuzzi, Andrea Alberti e Vincenzo Iacopino in relazione alle gare Cremonese\/Monza del 27.10.2010 e Pisa\/Monza dell\u20198.12.2010, seguito deferimento del Procuratore Federale &#8211; nota n. 8011\/33pf11-12\/SP\/blp dell\u20198.5.2012 \u2013 (Delibera della Corte di Giustizia Federale \u2013 Com. Uff. n. 002\/CDN del 6.7.2012). <\/p>\n<p>Questa sentenza lascia invariata la classifica con il Savona matematicamente promosso in Prima Divisione.<\/p>\n","protected":false},"excerpt":{"rendered":"<p>Il Savona \u00e8 ufficialmente in Prima divisione, la vecchia serie C1, la Corte di Giustizia Federale si \u00e8 infatti riunita oggi e ha giudicato inammissibile il ricorso del Monza che in caso contrario avrebbe obbligato i ragazzi di Mister Corda a guadagnarsi la promozione domenica prossima sul campo del Venezia. Ecco il comunicato integrale: La [&hellip;]<\/p>\n","protected":false},"author":13744,"featured_media":0,"comment_status":"open","ping_status":"closed","sticky":false,"template":"","format":"standard","meta":{"footnotes":""},"categories":[32],"tags":[24481,85850,86042],"class_list":["post-240659","post","type-post","status-publish","format-standard","hentry","category-sport","tag-lega-pro","tag-savona","tag-savona-calcio","post_cat_citta-savona"],"amp_validity":null,"amp_enabled":true,"_links":{"self":[{"href":"https:\/\/staging.ivg.it\/ediapi\/wp\/v2\/posts\/240659","targetHints":{"allow":["GET"]}}],"collection":[{"href":"https:\/\/staging.ivg.it\/ediapi\/wp\/v2\/posts"}],"about":[{"href":"https:\/\/staging.ivg.it\/ediapi\/wp\/v2\/types\/post"}],"author":[{"embeddable":true,"href":"https:\/\/staging.ivg.it\/ediapi\/wp\/v2\/users\/13744"}],"replies":[{"embeddable":true,"href":"https:\/\/staging.ivg.it\/ediapi\/wp\/v2\/comments?post=240659"}],"version-history":[{"count":0,"href":"https:\/\/staging.ivg.it\/ediapi\/wp\/v2\/posts\/240659\/revisions"}],"wp:attachment":[{"href":"https:\/\/staging.ivg.it\/ediapi\/wp\/v2\/media?parent=240659"}],"wp:term":[{"taxonomy":"category","embeddable":true,"href":"https:\/\/staging.ivg.it\/ediapi\/wp\/v2\/categories?post=240659"},{"taxonomy":"post_tag","embeddable":true,"href":"https:\/\/staging.ivg.it\/ediapi\/wp\/v2\/tags?post=240659"}],"curies":[{"name":"wp","href":"https:\/\/api.w.org\/{rel}","templated":true}]}}