{"id":24051,"date":"2008-04-21T08:05:26","date_gmt":"2008-04-21T06:05:26","guid":{"rendered":"http:\/\/www.ivg.it\/2008\/04\/21\/savona-funzionario-del-porto-cade-dalla-finestra-e-muore\/"},"modified":"2008-04-21T10:39:44","modified_gmt":"2008-04-21T08:39:44","slug":"savona-funzionario-del-porto-cade-dalla-finestra-e-muore","status":"publish","type":"post","link":"https:\/\/staging.ivg.it\/2008\/04\/savona-funzionario-del-porto-cade-dalla-finestra-e-muore\/","title":{"rendered":"Savona, funzionario del porto cade dalla finestra e muore"},"content":{"rendered":"<p><strong>[thumb:534:l]Savona<\/strong>. Paolo Contini, 58 anni, funzionario dell&#8217;Autorit\u00e0 Portuale di Savona, \u00e8 morto dopo essere caduto da una finestra di un appartamento del centro storico di Savona, di sua propriet\u00e0, mentre controllava una infiltrazione di acqua dal tetto. L&#8217;incidente non ha avuto testimoni, in quanto nell&#8217;abitazione non c&#8217;erano altre persone.<br \/>\nContini, che si occupava della partecipazione del porto savonese a fiere ed eventi internazionali, ha perso l&#8217;equilibrio dopo essersi sporto troppo dalla finestra al quarto piano di un vecchio edificio del centro storico. Non si esclude che il funzionario, che aveva problemi di pressione sanguigna, abbia avuto un capogiro o un improvviso malore. L&#8217;uomo \u00e8 precipitato in strada ed \u00e8 morto sul colpo. Sul posto sono intervenuti i vigili del fuoco, che hanno dovuto forzare la porta d&#8217;ingresso dell&#8217;appartamento per entrare.<\/p>\n","protected":false},"excerpt":{"rendered":"<p>[thumb:534:l]Savona. Paolo Contini, 58 anni, funzionario dell&#8217;Autorit\u00e0 Portuale di Savona, \u00e8 morto dopo essere caduto da una finestra di un appartamento del centro storico di Savona, di sua propriet\u00e0, mentre controllava una infiltrazione di acqua dal tetto. L&#8217;incidente non ha avuto testimoni, in quanto nell&#8217;abitazione non c&#8217;erano altre persone. Contini, che si occupava della partecipazione [&hellip;]<\/p>\n","protected":false},"author":5,"featured_media":0,"comment_status":"open","ping_status":"closed","sticky":false,"template":"","format":"standard","meta":{"footnotes":""},"categories":[34],"tags":[],"class_list":["post-24051","post","type-post","status-publish","format-standard","hentry","category-cronaca","post_cat_citta-savona"],"amp_validity":null,"amp_enabled":true,"_links":{"self":[{"href":"https:\/\/staging.ivg.it\/ediapi\/wp\/v2\/posts\/24051","targetHints":{"allow":["GET"]}}],"collection":[{"href":"https:\/\/staging.ivg.it\/ediapi\/wp\/v2\/posts"}],"about":[{"href":"https:\/\/staging.ivg.it\/ediapi\/wp\/v2\/types\/post"}],"author":[{"embeddable":true,"href":"https:\/\/staging.ivg.it\/ediapi\/wp\/v2\/users\/5"}],"replies":[{"embeddable":true,"href":"https:\/\/staging.ivg.it\/ediapi\/wp\/v2\/comments?post=24051"}],"version-history":[{"count":0,"href":"https:\/\/staging.ivg.it\/ediapi\/wp\/v2\/posts\/24051\/revisions"}],"wp:attachment":[{"href":"https:\/\/staging.ivg.it\/ediapi\/wp\/v2\/media?parent=24051"}],"wp:term":[{"taxonomy":"category","embeddable":true,"href":"https:\/\/staging.ivg.it\/ediapi\/wp\/v2\/categories?post=24051"},{"taxonomy":"post_tag","embeddable":true,"href":"https:\/\/staging.ivg.it\/ediapi\/wp\/v2\/tags?post=24051"}],"curies":[{"name":"wp","href":"https:\/\/api.w.org\/{rel}","templated":true}]}}