{"id":240146,"date":"2013-05-03T12:25:03","date_gmt":"2013-05-03T10:25:03","guid":{"rendered":"http:\/\/www.ivg.it\/?p=240146"},"modified":"2013-05-03T17:22:03","modified_gmt":"2013-05-03T15:22:03","slug":"savona-polizia-lutto-per-la-scomparsa-del-sovrintendente-sebastiano-margarone","status":"publish","type":"post","link":"https:\/\/staging.ivg.it\/2013\/05\/savona-polizia-lutto-per-la-scomparsa-del-sovrintendente-sebastiano-margarone\/","title":{"rendered":"Savona, polizia: lutto per la scomparsa del sovrintendente Sebastiano Margarone"},"content":{"rendered":"<p><strong>Savona<\/strong>. Lutto in polizia e tra le forze dell&#8217;ordine per la scomparsa di Sebastiano Margarone, per anni capo dell&#8217;ufficio Porto d&#8217;Armi della Questura savonese. Molto noto per il servizio prestato, per lungo tempo si era battuto con i colleghi per la riforma e l&#8217;ammodernamento della Polizia di Stato. E&#8217; mancato all&#8217;et\u00e0 di 85 anni, a causa di un infarto. <\/p>\n<p>Ricoverato alle 19,20 di luned\u00ec scorso al pronto soccorso del San Paolo, il giorno successivo, marted\u00ec, \u00e8 stato dimesso alle 13,20. &#8220;Abbiamo insistito perch\u00e9 lo trattenessero in cura in ospedale &#8211; riferiscono i familiari &#8211; Ma cos\u00ec non \u00e8 stato. E&#8217; entrato in codice giallo, poi diventato rosso, ed \u00e8 uscito come persona a rischio di infarto, in un quadro clinico sicuramente complicato&#8221;. <\/p>\n<p>&#8220;Le volte in cui mio marito \u00e8 stato ricoverato al San Paolo &#8211; spiega la moglie &#8211; \u00e8 stato trattato sempre con molta attenzione. E&#8217; stato curato ed \u00e8 guarito per vari problemi che ha avuto. In questo caso, per\u00f2, vorremmo capire perch\u00e9 \u00e8 stato mandato via cos\u00ec presto. Sono stati fatti tanti esami, ma non ci spieghiamo perch\u00e9 non sia stato trattenuto per la terapia&#8221;. <\/p>\n<p>Il figlio del sovrintendente Margarone sottolinea: &#8220;Dopo avergli ipotizzato un flusso post ostruttivo su arteria succlavia, in un quadro clinico gi\u00e0 precario per altre gravi patologie, e un&#8217;et\u00e0 avanzata, \u00e8 stato dimesso in condizioni precarie, debolezza e febbre. Dopo 20 ore \u00e8 mancato per arresto cardiaco&#8221;.<\/p>\n<p>&#8220;Desideriamo soltanto capire se si poteva fare di pi\u00f9 per una persona che nonostante l&#8217;et\u00e0 era vitale e attiva. Perch\u00e9 ci sia sempre pi\u00f9 attenzione e umanit\u00e0&#8221; concludono i familiari. <\/p>\n<p>Dall&#8217;ospedale savonese, intanto, e dall&#8217;azienda sanitaria &#8220;la massima disponibilit\u00e0 a dare chiarimenti alla famiglia&#8221;. Il direttore del pronto soccorso, Roberto Lerza, osserva che la &#8220;gestione del caso \u00e8 stata serena e secondo i criteri medici necessari&#8221;. &#8220;Il trattamento del paziente \u00e8 avvenuto nel totale rispetto delle buone prassi cliniche&#8221; conclude. <\/p>\n","protected":false},"excerpt":{"rendered":"<p>Savona. Lutto in polizia e tra le forze dell&#8217;ordine per la scomparsa di Sebastiano Margarone, per anni capo dell&#8217;ufficio Porto d&#8217;Armi della Questura savonese. Molto noto per il servizio prestato, per lungo tempo si era battuto con i colleghi per la riforma e l&#8217;ammodernamento della Polizia di Stato. E&#8217; mancato all&#8217;et\u00e0 di 85 anni, a [&hellip;]<\/p>\n","protected":false},"author":13744,"featured_media":0,"comment_status":"open","ping_status":"closed","sticky":false,"template":"","format":"standard","meta":{"footnotes":""},"categories":[34],"tags":[1220,748,658,85850],"class_list":["post-240146","post","type-post","status-publish","format-standard","hentry","category-cronaca","tag-lutto","tag-polizia","tag-questura","tag-savona","post_cat_citta-savona"],"amp_validity":null,"amp_enabled":true,"_links":{"self":[{"href":"https:\/\/staging.ivg.it\/ediapi\/wp\/v2\/posts\/240146","targetHints":{"allow":["GET"]}}],"collection":[{"href":"https:\/\/staging.ivg.it\/ediapi\/wp\/v2\/posts"}],"about":[{"href":"https:\/\/staging.ivg.it\/ediapi\/wp\/v2\/types\/post"}],"author":[{"embeddable":true,"href":"https:\/\/staging.ivg.it\/ediapi\/wp\/v2\/users\/13744"}],"replies":[{"embeddable":true,"href":"https:\/\/staging.ivg.it\/ediapi\/wp\/v2\/comments?post=240146"}],"version-history":[{"count":0,"href":"https:\/\/staging.ivg.it\/ediapi\/wp\/v2\/posts\/240146\/revisions"}],"wp:attachment":[{"href":"https:\/\/staging.ivg.it\/ediapi\/wp\/v2\/media?parent=240146"}],"wp:term":[{"taxonomy":"category","embeddable":true,"href":"https:\/\/staging.ivg.it\/ediapi\/wp\/v2\/categories?post=240146"},{"taxonomy":"post_tag","embeddable":true,"href":"https:\/\/staging.ivg.it\/ediapi\/wp\/v2\/tags?post=240146"}],"curies":[{"name":"wp","href":"https:\/\/api.w.org\/{rel}","templated":true}]}}