{"id":239937,"date":"2013-04-30T14:12:00","date_gmt":"2013-04-30T12:12:00","guid":{"rendered":"http:\/\/www.ivg.it\/?p=239937"},"modified":"2013-04-30T19:16:20","modified_gmt":"2013-04-30T17:16:20","slug":"elezioni-alassio-giovedi-la-presentazione-pubblica-della-lista-canepa-sindaco","status":"publish","type":"post","link":"https:\/\/staging.ivg.it\/2013\/04\/elezioni-alassio-giovedi-la-presentazione-pubblica-della-lista-canepa-sindaco\/","title":{"rendered":"Elezioni Alassio, gioved\u00ec la presentazione pubblica della lista &#8220;Canepa Sindaco&#8221;"},"content":{"rendered":"<p><strong>Alassio<\/strong>. Il 2 maggio alle ore 21 presso il salone parrocchiale Sant\u2019Ambrogio, via Leone XIII ad Alassio, verr\u00e0 presentata la lista civica \u201cCanepa Sindaco\u201d, supportata da Pdl e Lega Nord.<\/p>\n<p>&#8220;Invitiamo tutta la cittadinanza ad intervenire numerosa a questo appuntamento per confrontarci insieme e sostenere questo progetto alle prossime elezioni comunali, certi che Enzo Canepa sia l&#8217;unico candidato che possa dare quelle garanzie di qualit\u00e0 e seriet\u00e0 che Alassio merita&#8221; affermano i sostenitori.<\/p>\n<p>&#8220;La lista di civica di Enzo Canepa &#8211; aggiungono &#8211; ha un programma condiviso anche dal Pdl alassino; al suo interno infatti sono presenti membri della societ\u00e0 civile ed alcuni iscritti del Popolo della Libert\u00e0 che desiderano dare il loro contributo alla citt\u00e0 di Alassio per rilanciarne economia e turismo&#8221;.<\/p>\n","protected":false},"excerpt":{"rendered":"<p>Alassio. Il 2 maggio alle ore 21 presso il salone parrocchiale Sant\u2019Ambrogio, via Leone XIII ad Alassio, verr\u00e0 presentata la lista civica \u201cCanepa Sindaco\u201d, supportata da Pdl e Lega Nord. &#8220;Invitiamo tutta la cittadinanza ad intervenire numerosa a questo appuntamento per confrontarci insieme e sostenere questo progetto alle prossime elezioni comunali, certi che Enzo Canepa [&hellip;]<\/p>\n","protected":false},"author":13744,"featured_media":0,"comment_status":"open","ping_status":"closed","sticky":false,"template":"","format":"standard","meta":{"footnotes":""},"categories":[31],"tags":[85824,31202,45371],"class_list":["post-239937","post","type-post","status-publish","format-standard","hentry","category-politica","tag-alassio","tag-elezioni-alassio","tag-enzo-canepa","post_cat_citta-alassio"],"amp_validity":null,"amp_enabled":true,"_links":{"self":[{"href":"https:\/\/staging.ivg.it\/ediapi\/wp\/v2\/posts\/239937","targetHints":{"allow":["GET"]}}],"collection":[{"href":"https:\/\/staging.ivg.it\/ediapi\/wp\/v2\/posts"}],"about":[{"href":"https:\/\/staging.ivg.it\/ediapi\/wp\/v2\/types\/post"}],"author":[{"embeddable":true,"href":"https:\/\/staging.ivg.it\/ediapi\/wp\/v2\/users\/13744"}],"replies":[{"embeddable":true,"href":"https:\/\/staging.ivg.it\/ediapi\/wp\/v2\/comments?post=239937"}],"version-history":[{"count":0,"href":"https:\/\/staging.ivg.it\/ediapi\/wp\/v2\/posts\/239937\/revisions"}],"wp:attachment":[{"href":"https:\/\/staging.ivg.it\/ediapi\/wp\/v2\/media?parent=239937"}],"wp:term":[{"taxonomy":"category","embeddable":true,"href":"https:\/\/staging.ivg.it\/ediapi\/wp\/v2\/categories?post=239937"},{"taxonomy":"post_tag","embeddable":true,"href":"https:\/\/staging.ivg.it\/ediapi\/wp\/v2\/tags?post=239937"}],"curies":[{"name":"wp","href":"https:\/\/api.w.org\/{rel}","templated":true}]}}