{"id":239509,"date":"2013-04-23T19:04:23","date_gmt":"2013-04-23T17:04:23","guid":{"rendered":"http:\/\/www.ivg.it\/?p=239509"},"modified":"2013-04-23T17:40:01","modified_gmt":"2013-04-23T15:40:01","slug":"albenga-ramo-caduto-nella-notte-lungofiume","status":"publish","type":"post","link":"https:\/\/staging.ivg.it\/2013\/04\/albenga-ramo-caduto-nella-notte-lungofiume\/","title":{"rendered":"Albenga, ramo caduto nella notte lungofiume"},"content":{"rendered":"<p><strong>Albenga<\/strong>. La scorsa notte, in Lungocenta Trento ad Albenga, il ramo di un pino si \u00e8 staccato dalla corteccia dell&#8217;albero ed \u00e8 crollato a terra, non causando alcun danno a cose o persone.<\/p>\n<p>A seguito di diverse segnalazioni, sul luogo \u00e8 immediatamente intervenuta una pattuglia della Polizia Municipale che, sotto la supervisione dell&#8217;Assessore all&#8217;Ambiente Guido Lugani, ha provveduto a mettere in sicurezza l&#8217;area.<\/p>\n<p>Questa mattina, attorno alle ore 9.00, personale comunale ha effettuato un intervento di potatura, al fine di rimuovere il ramo crollato. Personale dell\u2019Ufficio Ambiente e del Settore Verde Pubblico sta provvedendo a effettuare le verifiche del caso relative alle cause del crollo.<\/p>\n","protected":false},"excerpt":{"rendered":"<p>Albenga. La scorsa notte, in Lungocenta Trento ad Albenga, il ramo di un pino si \u00e8 staccato dalla corteccia dell&#8217;albero ed \u00e8 crollato a terra, non causando alcun danno a cose o persone. A seguito di diverse segnalazioni, sul luogo \u00e8 immediatamente intervenuta una pattuglia della Polizia Municipale che, sotto la supervisione dell&#8217;Assessore all&#8217;Ambiente Guido [&hellip;]<\/p>\n","protected":false},"author":13744,"featured_media":0,"comment_status":"open","ping_status":"closed","sticky":false,"template":"","format":"standard","meta":{"footnotes":""},"categories":[34],"tags":[85841,45193],"class_list":["post-239509","post","type-post","status-publish","format-standard","hentry","category-cronaca","tag-albenga","tag-albero-caduto","post_cat_citta-albenga"],"amp_validity":null,"amp_enabled":true,"_links":{"self":[{"href":"https:\/\/staging.ivg.it\/ediapi\/wp\/v2\/posts\/239509","targetHints":{"allow":["GET"]}}],"collection":[{"href":"https:\/\/staging.ivg.it\/ediapi\/wp\/v2\/posts"}],"about":[{"href":"https:\/\/staging.ivg.it\/ediapi\/wp\/v2\/types\/post"}],"author":[{"embeddable":true,"href":"https:\/\/staging.ivg.it\/ediapi\/wp\/v2\/users\/13744"}],"replies":[{"embeddable":true,"href":"https:\/\/staging.ivg.it\/ediapi\/wp\/v2\/comments?post=239509"}],"version-history":[{"count":0,"href":"https:\/\/staging.ivg.it\/ediapi\/wp\/v2\/posts\/239509\/revisions"}],"wp:attachment":[{"href":"https:\/\/staging.ivg.it\/ediapi\/wp\/v2\/media?parent=239509"}],"wp:term":[{"taxonomy":"category","embeddable":true,"href":"https:\/\/staging.ivg.it\/ediapi\/wp\/v2\/categories?post=239509"},{"taxonomy":"post_tag","embeddable":true,"href":"https:\/\/staging.ivg.it\/ediapi\/wp\/v2\/tags?post=239509"}],"curies":[{"name":"wp","href":"https:\/\/api.w.org\/{rel}","templated":true}]}}