{"id":239294,"date":"2013-04-20T18:19:28","date_gmt":"2013-04-20T16:19:28","guid":{"rendered":"http:\/\/www.ivg.it\/?p=239294"},"modified":"2013-04-21T14:19:00","modified_gmt":"2013-04-21T12:19:00","slug":"ce-il-napolitano-bis-il-presidente-uscente-rieletto-al-colle-decisiva-la-sesta-votazione-rodota-ko","status":"publish","type":"post","link":"https:\/\/staging.ivg.it\/2013\/04\/ce-il-napolitano-bis-il-presidente-uscente-rieletto-al-colle-decisiva-la-sesta-votazione-rodota-ko\/","title":{"rendered":"C&#8217;\u00e8 il Napolitano bis, il Presidente uscente rieletto al Colle: decisiva la sesta votazione, Rodot\u00e0 ko"},"content":{"rendered":"<p><strong>Roma<\/strong>. Giorgio Napolitano \u00e8 stato rieletto al Colle. Dopo giorni di bagarre la ricandidatura del Presidente uscente ha messo la parola fine alla querelle sul nome del Capo dello Stato.<\/p>\n<p>&#8220;Sono disponibile, non posso sottrarmi alla responsabilit\u00e0, ora per\u00f2 serve un&#8217;assunzione collettiva di responsabilit\u00e0&#8221;. Con queste parole Giorgio Napolitano, nel primo pomeriggio, aveva reso nota la propria decisione di accettare la ricandidatura a presidente della Repubblica. E la riconferma \u00e8 effettivamente arrivata al termine dello scrutinio della sesta votazione. Sono stati 738 voti a favore di Napolitano. Sono stati 217 invece i voti per Rodot\u00e0, 8 quelli per Sergio De Caprio (forse pi\u00f9 noto con il nome di &#8220;Capitano Ultimo&#8221;) e 4 per D&#8217;Alema. Dodici invece le schede nulla e dieci quelle bianche (numeri che sono stati resi noti prima della riconteggio ufficiale).<\/p>\n<p>La rielezione di Napolitano, gi\u00e0 quando il suo nome era arrivato a 497 preferenze, \u00e8 stata accolta in aula da un lungo applauso da parte della platea dei grandi elettori. Opposta la reazione dei cittadini che nel frattempo si erano radunati davanti a Montecitorio: dalla piazza si sono levati cori di insulti e grida del tenore di &#8220;Buffoni&#8221; e &#8220;fuori&#8221;. I cittadini hanno anche invocato il nome di &#8220;Rodot\u00e0&#8221;.<\/p>\n<p>Lo &#8220;sfidante&#8221; di Napolitano, Stefano Rodot\u00e0 ha scelto di rilasciare una dichiarazione prima di conoscere il risultato definitivo della votazione e precisando che non avrebbe pi\u00f9 risposto ai giornalisti. Queste le sue parole: &#8220;Ringrazio tutti quelli che pensano a me e sono contento che il mio nome parli alla sinistra italiana. Per quanto riguarda le ultime vicende sono sempre stato convinto che le decisioni parlamentari possano e debbano essere discusse e criticate anche duramente ma partendo dal presupposto che si muovono nell&#8217;ambito della legalit\u00e0 costituzionale\u00bb.<\/p>\n<p>La richiesta di ricandidare Napolitano era partita in mattinata dal Pd, ed era stata accolta con entusiasmo da Pdl, Lega e Scelta Civica, che si sono uniti attorno al nome del capo dello Stato, mettendo da parte &#8211; nel caso dei montiani &#8211; il sostegno ad Anna Maria Cancellieri. Giorgio Napolitano, 87 anni, \u00e8 il primo capo dello Stato italiano a ricevere la richiesta di rielezione essendo ancora in carica. Oltre a detenere il primato di essere il primo presidente proveniente dal Pci, \u00e8 diventato anche il primo presidente rieletto per la seconda volta.<\/p>\n","protected":false},"excerpt":{"rendered":"<p>Roma. Giorgio Napolitano \u00e8 stato rieletto al Colle. Dopo giorni di bagarre la ricandidatura del Presidente uscente ha messo la parola fine alla querelle sul nome del Capo dello Stato. &#8220;Sono disponibile, non posso sottrarmi alla responsabilit\u00e0, ora per\u00f2 serve un&#8217;assunzione collettiva di responsabilit\u00e0&#8221;. Con queste parole Giorgio Napolitano, nel primo pomeriggio, aveva reso nota [&hellip;]<\/p>\n","protected":false},"author":13744,"featured_media":0,"comment_status":"open","ping_status":"closed","sticky":false,"template":"","format":"standard","meta":{"footnotes":""},"categories":[31],"tags":[2455],"class_list":["post-239294","post","type-post","status-publish","format-standard","hentry","category-politica","tag-napolitano","post_cat_citta-andora"],"amp_validity":null,"amp_enabled":true,"_links":{"self":[{"href":"https:\/\/staging.ivg.it\/ediapi\/wp\/v2\/posts\/239294","targetHints":{"allow":["GET"]}}],"collection":[{"href":"https:\/\/staging.ivg.it\/ediapi\/wp\/v2\/posts"}],"about":[{"href":"https:\/\/staging.ivg.it\/ediapi\/wp\/v2\/types\/post"}],"author":[{"embeddable":true,"href":"https:\/\/staging.ivg.it\/ediapi\/wp\/v2\/users\/13744"}],"replies":[{"embeddable":true,"href":"https:\/\/staging.ivg.it\/ediapi\/wp\/v2\/comments?post=239294"}],"version-history":[{"count":0,"href":"https:\/\/staging.ivg.it\/ediapi\/wp\/v2\/posts\/239294\/revisions"}],"wp:attachment":[{"href":"https:\/\/staging.ivg.it\/ediapi\/wp\/v2\/media?parent=239294"}],"wp:term":[{"taxonomy":"category","embeddable":true,"href":"https:\/\/staging.ivg.it\/ediapi\/wp\/v2\/categories?post=239294"},{"taxonomy":"post_tag","embeddable":true,"href":"https:\/\/staging.ivg.it\/ediapi\/wp\/v2\/tags?post=239294"}],"curies":[{"name":"wp","href":"https:\/\/api.w.org\/{rel}","templated":true}]}}