{"id":239210,"date":"2013-04-19T11:11:44","date_gmt":"2013-04-19T09:11:44","guid":{"rendered":"http:\/\/www.ivg.it\/?p=239210"},"modified":"2013-04-19T15:49:15","modified_gmt":"2013-04-19T13:49:15","slug":"loano-lavori-di-restyling-per-larena-estiva-giardino-del-principe-sara-riqualificato-il-palco","status":"publish","type":"post","link":"https:\/\/staging.ivg.it\/2013\/04\/loano-lavori-di-restyling-per-larena-estiva-giardino-del-principe-sara-riqualificato-il-palco\/","title":{"rendered":"Loano, lavori di restyling per l&#8217;Arena Estiva Giardino del Principe: sar\u00e0 riqualificato il palco"},"content":{"rendered":"<p><strong>Loano<\/strong>. Restyling per il palco dell&#8217;Arena Estiva Giardino del Principe di Loano. In vista della nuova stagione di eventi, sono stati programmati lavori di riqualificazione e di messa a norma del palcoscenico. Gi\u00e0 lo scorso anno erano state apportate migliorie con la realizzazione della rampa per l&#8217;accesso dei disabili al palco.<\/p>\n<p>I lavori che si stanno svolgendo in questi giorni rigurdano la riqualificazione del fondale e del palco con l&#8217;utilizzo di materiali in linea con la nuova normativa. &#8220;L&#8217;Arena estiva Giardino del Principe, nel cuore della citt\u00e0 dei Doria &#8211; spiega l&#8217;Assessore Remo Zaccaria &#8211; \u00e8 la pi\u00f9 grande arena estiva della Liguria. Il grande palco (18&#215;12) fa della struttura una delle migliori scene per le grandi produzioni. Ogni anno il teatro all&#8217;aperto ospita gli eventi pi\u00f9 prestigiosi legati alla musica, al cabaret, alla danza e al teatro. L&#8217;Ufficio Turismo sta gi\u00e0 lavorando con i gestori della struttura, la Cooperativa Sociale I.So Theatre, per la redazione del programma della nuova stagione estiva&#8221;.<\/p>\n","protected":false},"excerpt":{"rendered":"<p>Loano. Restyling per il palco dell&#8217;Arena Estiva Giardino del Principe di Loano. In vista della nuova stagione di eventi, sono stati programmati lavori di riqualificazione e di messa a norma del palcoscenico. Gi\u00e0 lo scorso anno erano state apportate migliorie con la realizzazione della rampa per l&#8217;accesso dei disabili al palco. I lavori che si [&hellip;]<\/p>\n","protected":false},"author":13744,"featured_media":0,"comment_status":"open","ping_status":"closed","sticky":false,"template":"","format":"standard","meta":{"footnotes":""},"categories":[],"tags":[854,85827],"class_list":["post-239210","post","type-post","status-publish","format-standard","hentry","tag-lavori","tag-loano","post_cat_citta-loano"],"amp_validity":null,"amp_enabled":true,"_links":{"self":[{"href":"https:\/\/staging.ivg.it\/ediapi\/wp\/v2\/posts\/239210","targetHints":{"allow":["GET"]}}],"collection":[{"href":"https:\/\/staging.ivg.it\/ediapi\/wp\/v2\/posts"}],"about":[{"href":"https:\/\/staging.ivg.it\/ediapi\/wp\/v2\/types\/post"}],"author":[{"embeddable":true,"href":"https:\/\/staging.ivg.it\/ediapi\/wp\/v2\/users\/13744"}],"replies":[{"embeddable":true,"href":"https:\/\/staging.ivg.it\/ediapi\/wp\/v2\/comments?post=239210"}],"version-history":[{"count":0,"href":"https:\/\/staging.ivg.it\/ediapi\/wp\/v2\/posts\/239210\/revisions"}],"wp:attachment":[{"href":"https:\/\/staging.ivg.it\/ediapi\/wp\/v2\/media?parent=239210"}],"wp:term":[{"taxonomy":"category","embeddable":true,"href":"https:\/\/staging.ivg.it\/ediapi\/wp\/v2\/categories?post=239210"},{"taxonomy":"post_tag","embeddable":true,"href":"https:\/\/staging.ivg.it\/ediapi\/wp\/v2\/tags?post=239210"}],"curies":[{"name":"wp","href":"https:\/\/api.w.org\/{rel}","templated":true}]}}