{"id":239199,"date":"2013-04-19T08:58:48","date_gmt":"2013-04-19T06:58:48","guid":{"rendered":"http:\/\/www.ivg.it\/?p=239199"},"modified":"2013-04-19T12:39:07","modified_gmt":"2013-04-19T10:39:07","slug":"albenga-trasferimento-anffas-in-tribunale-disabili-sfrattati-dalla-curia-vincono-la-prima-battaglia","status":"publish","type":"post","link":"https:\/\/staging.ivg.it\/2013\/04\/albenga-trasferimento-anffas-in-tribunale-disabili-sfrattati-dalla-curia-vincono-la-prima-battaglia\/","title":{"rendered":"Albenga, trasferimento Anffas: disabili sfrattati dalla Curia vincono primo round in tribunale"},"content":{"rendered":"<p><strong>Albenga.<\/strong> L&#8217;Anffas, sfrattato dalla Curia, vince la prima battaglia in tribunale e non dovr\u00e0 lasciare, almeno per il momento, i locali di Campochiesa. Il tutto \u00e8 rimandato al prossimo 10 giugno, giorno in cui \u00e8 stata fissata l&#8217;udienza in cui sar\u00e0 stabilita la data dello sfratto definitivo.<\/p>\n<p>Intanto, i disabili guardano alla sede alternativa, ossia l&#8217;istituto &#8220;Trincheri&#8221; di Albenga, con apprensione. I relativi locali che dovrebbero accoglierli, infatti, non sono a norma e necessitano di lavori ad hoc. L&#8217;opzione Trincheri, sostenuta dal sindaco ingauno, non \u00e8 vista invece di buon occhio dai lavoratori della casa di riposo che parlano di difficolt\u00e0 oggettive nella possibile convivenza con gli anziani e di una penalizzazione di questi ultimi.<\/p>\n","protected":false},"excerpt":{"rendered":"<p>Albenga. L&#8217;Anffas, sfrattato dalla Curia, vince la prima battaglia in tribunale e non dovr\u00e0 lasciare, almeno per il momento, i locali di Campochiesa. Il tutto \u00e8 rimandato al prossimo 10 giugno, giorno in cui \u00e8 stata fissata l&#8217;udienza in cui sar\u00e0 stabilita la data dello sfratto definitivo. Intanto, i disabili guardano alla sede alternativa, ossia [&hellip;]<\/p>\n","protected":false},"author":13744,"featured_media":0,"comment_status":"open","ping_status":"closed","sticky":false,"template":"","format":"standard","meta":{"footnotes":""},"categories":[34],"tags":[85841,45144,1633,2572],"class_list":["post-239199","post","type-post","status-publish","format-standard","hentry","category-cronaca","tag-albenga","tag-anffas","tag-sfratto","tag-trincheri","post_cat_citta-albenga"],"amp_validity":null,"amp_enabled":true,"_links":{"self":[{"href":"https:\/\/staging.ivg.it\/ediapi\/wp\/v2\/posts\/239199","targetHints":{"allow":["GET"]}}],"collection":[{"href":"https:\/\/staging.ivg.it\/ediapi\/wp\/v2\/posts"}],"about":[{"href":"https:\/\/staging.ivg.it\/ediapi\/wp\/v2\/types\/post"}],"author":[{"embeddable":true,"href":"https:\/\/staging.ivg.it\/ediapi\/wp\/v2\/users\/13744"}],"replies":[{"embeddable":true,"href":"https:\/\/staging.ivg.it\/ediapi\/wp\/v2\/comments?post=239199"}],"version-history":[{"count":0,"href":"https:\/\/staging.ivg.it\/ediapi\/wp\/v2\/posts\/239199\/revisions"}],"wp:attachment":[{"href":"https:\/\/staging.ivg.it\/ediapi\/wp\/v2\/media?parent=239199"}],"wp:term":[{"taxonomy":"category","embeddable":true,"href":"https:\/\/staging.ivg.it\/ediapi\/wp\/v2\/categories?post=239199"},{"taxonomy":"post_tag","embeddable":true,"href":"https:\/\/staging.ivg.it\/ediapi\/wp\/v2\/tags?post=239199"}],"curies":[{"name":"wp","href":"https:\/\/api.w.org\/{rel}","templated":true}]}}