{"id":239197,"date":"2013-04-19T08:26:56","date_gmt":"2013-04-19T06:26:56","guid":{"rendered":"http:\/\/www.ivg.it\/?p=239197"},"modified":"2013-04-19T15:20:39","modified_gmt":"2013-04-19T13:20:39","slug":"elezioni-alassio-galtieri-a-vaccarezza-dovrebbe-ricordarsi-il-suo-ruolo-istituzionale-senza-innescare-conflitti-politici","status":"publish","type":"post","link":"https:\/\/staging.ivg.it\/2013\/04\/elezioni-alassio-galtieri-a-vaccarezza-dovrebbe-ricordarsi-il-suo-ruolo-istituzionale-senza-innescare-conflitti-politici\/","title":{"rendered":"Elezioni Alassio, Galtieri a Vaccarezza: &#8220;Dovrebbe ricordarsi il suo ruolo istituzionale, senza innescare conflitti politici&#8221;"},"content":{"rendered":"<p><strong>Alassio.<\/strong> Angelo Galtieri, in corsa alle politiche alassine con la lista &#8220;Insieme X&#8221;, usa l&#8217;arma della diplomazia nel rivolgersi al presidente della Provincia e commissario del Pdl della citt\u00e0 del Muretto, Angelo Vaccarezza, che, nei giorni scorsi, non ha risparmiato esplicite critiche ai rivali del &#8220;suo&#8221; candidato sindaco Enzo Canepa.<\/p>\n<p>Dopo essere stato accusato di non volere il bene della citt\u00e0 ma di essere spinto solo dalla voglia di governare, Galtieri prende carta e penna e scrive al &#8220;suo presidente&#8221; come definisce proprio Vaccarezza, ricordandogli quale sia il suo ruolo politico e il dovere di essere super partes.<\/p>\n<p>&#8220;Mi permetto di parlarle da cittadino perch\u00e9 non posso e non voglio considerare il presidente della Provincia un mio competitore, perch\u00e9 non posso e non voglio credere che il candidato sindaco indicato dalla sua persona sia in realt\u00e0 un candidato virtuale dietro cui oggi lei si cela, perch\u00e9 non posso e non voglio credere che due settimane dopo il suo commissariamento della locale sezione del PDL locale non sia possibile avere un interlocutore di Alassio tra tutti quei candidati che vogliono governare il paese ma che non riescono a governare una sezione di partito di modeste dimensioni&#8221; scrive Galtieri rivolgendosi direttamente al numero 1 di Palazzo Nervi.<\/p>\n<p>&#8220;Lei, mio Presidente, \u00e8 un uomo delle istituzioni ed occupa un ruolo che come ben sa che impone di volare alto ponendosi sopra le parti e non nelle parti &#8211; continua Galtieri &#8211; Lei, mio Presidente, deve rappresentare al suo meglio tutti i cittadini della provincia di Savona garantendo a tutti il suo impegno per migliorare la nostra qualit\u00e0 della vita e non certo l&#8217;innalzamento dei conflitti politici. Lei, mio Presidente, pu\u00f2 e deve anche garantire al suo partito la sua disponibilit\u00e0 a trovare soluzioni a conflitti interni, ma fuori dalla sezione del partito lei deve tornare ad essere il mio Presidente&#8221;.<\/p>\n<p>&#8220;Insomma, mio Presidente, mi permetta di invitarla ad occuparsi di quello per cui Lei si \u00e8 candidato ed \u00e8 stato eletto, lasciando le beghe di paese a quegli Alassini che ambiscono ad essere amministratori della loro Citt\u00e0 senza tutoraggio esterno&#8221; conclude il candidato di &#8220;Insieme X&#8221;.<\/p>\n<p>Intanto continuano le prove di alleanze politiche in vista delle amministrative di maggio, con un incontro che dovrebbe tenersi oggi tra lo stesso Galtieri e Piera Olivieri, a capo di &#8220;Progetto Alassio&#8221;.  <\/p>\n","protected":false},"excerpt":{"rendered":"<p>Alassio. Angelo Galtieri, in corsa alle politiche alassine con la lista &#8220;Insieme X&#8221;, usa l&#8217;arma della diplomazia nel rivolgersi al presidente della Provincia e commissario del Pdl della citt\u00e0 del Muretto, Angelo Vaccarezza, che, nei giorni scorsi, non ha risparmiato esplicite critiche ai rivali del &#8220;suo&#8221; candidato sindaco Enzo Canepa. Dopo essere stato accusato di [&hellip;]<\/p>\n","protected":false},"author":13744,"featured_media":0,"comment_status":"open","ping_status":"closed","sticky":false,"template":"","format":"standard","meta":{"footnotes":""},"categories":[31],"tags":[85824,5979,43856],"class_list":["post-239197","post","type-post","status-publish","format-standard","hentry","category-politica","tag-alassio","tag-angelo-galtieri","tag-elezioni-2013","post_cat_citta-alassio"],"amp_validity":null,"amp_enabled":true,"_links":{"self":[{"href":"https:\/\/staging.ivg.it\/ediapi\/wp\/v2\/posts\/239197","targetHints":{"allow":["GET"]}}],"collection":[{"href":"https:\/\/staging.ivg.it\/ediapi\/wp\/v2\/posts"}],"about":[{"href":"https:\/\/staging.ivg.it\/ediapi\/wp\/v2\/types\/post"}],"author":[{"embeddable":true,"href":"https:\/\/staging.ivg.it\/ediapi\/wp\/v2\/users\/13744"}],"replies":[{"embeddable":true,"href":"https:\/\/staging.ivg.it\/ediapi\/wp\/v2\/comments?post=239197"}],"version-history":[{"count":0,"href":"https:\/\/staging.ivg.it\/ediapi\/wp\/v2\/posts\/239197\/revisions"}],"wp:attachment":[{"href":"https:\/\/staging.ivg.it\/ediapi\/wp\/v2\/media?parent=239197"}],"wp:term":[{"taxonomy":"category","embeddable":true,"href":"https:\/\/staging.ivg.it\/ediapi\/wp\/v2\/categories?post=239197"},{"taxonomy":"post_tag","embeddable":true,"href":"https:\/\/staging.ivg.it\/ediapi\/wp\/v2\/tags?post=239197"}],"curies":[{"name":"wp","href":"https:\/\/api.w.org\/{rel}","templated":true}]}}