{"id":239044,"date":"2013-04-17T15:16:38","date_gmt":"2013-04-17T13:16:38","guid":{"rendered":"http:\/\/www.ivg.it\/?p=239044"},"modified":"2013-04-18T07:55:36","modified_gmt":"2013-04-18T05:55:36","slug":"recuperare-chi-non-ha-studiato-per-offrire-un-futuro-lavorativo-il-nuovo-apprendistato-finanziato-dalla-regione","status":"publish","type":"post","link":"https:\/\/staging.ivg.it\/2013\/04\/recuperare-chi-non-ha-studiato-per-offrire-un-futuro-lavorativo-il-nuovo-apprendistato-finanziato-dalla-regione\/","title":{"rendered":"Recuperare chi non ha studiato per offrire un futuro lavorativo: il nuovo apprendistato finanziato dalla Regione"},"content":{"rendered":"<p><strong>Liguria<\/strong>. C&#8217;\u00e8 chi non ha concluso il proprio percorso di studi ma che ha abilit\u00e0, passioni e attitudini da mettere a frutto e che possono andare ad arricchire il lavoro delle aziende del territorio. Con questa filosofia nasce una nuova modalit\u00e0 di apprendistato, completamente finanzata dalla Regione Liguria, e che \u00e8 &#8220;votata&#8221; a recuperare chi si \u00e8 perso lungo il cammino della propria formazione e non \u00e8 riuscito a prendere il diploma.<\/p>\n<p>&#8220;Il nuovo apprendistato \u00e8 concepito per chi non ha completato il ciclo di studi superiore &#8211; spiega Alessandro Clavarino, dirigente del settore Sistema scolastico-educativo regionale &#8211; Esso consente l&#8217;acquisizione di un titolo di studio, d\u00e0 un lavoro perch\u00e9 viene realizzato nell&#8217;ambito di un contratto a tempo indeterminato, prevede una formazione gratuita fino al conseguimento del titolo di studio, contrasta la dispersione e ha come platea chi abbandona gli studi o ha grossi problemi a proseguire nel suo percorso scolastico&#8221;.<\/p>\n<p>&#8220;All&#8217;apprendistato professionale accedono i minori dai 15 anni, fino a 24 anni di et\u00e0 &#8211; prosegue Clavarino &#8211; Gli interessati non devono avere ancora acquisito il titolo di scuola secondaria superiore. Vengono assunti nell&#8217;ambito di un apprendistato dalle aziende che si mettono in contatto con gli organismi formativi. Il sistema della formazione regionale costituir\u00e0 dei raggruppamenti in cui lavoreranno insieme aziende, organismi di formazione, e enti del terzo dsettore che pi\u00f9 di altri hanno una frequentazione abituale con questa fascia di popolazione. Sono previsti percorsi triennali e quadriennali, e sono previsti crediti per chi arriva al contratto di apprendistato con competenze che vengono riconosciute cos\u00ec da abbreviare il percorso. La formazione \u00e8 totalmente finanziata dalla Regione con dei voucher erogati all&#8217;ente di formazione&#8221;. <\/p>\n<p>Giovanna Gorini di Italia Lavoro spiega: &#8220;In questo modo imprese e giovani vengono messi in contatto. Vogliamo diffondere questa novit\u00e0 attraveros seminari e incontri con i giovani e le loro famiglie. La filosofia che seguiamo \u00e8 quella second cui bisogna puntare anche sui giovani che non hanno finito la scuola ma che hanno comunque passioni e attitudini da sfruttare. L&#8217;apprendistato non \u00e8 nuovo strumento ma \u00e8 la modalit\u00e0 ad essere innovativa&#8221;. <\/p>\n","protected":false},"excerpt":{"rendered":"<p>Liguria. C&#8217;\u00e8 chi non ha concluso il proprio percorso di studi ma che ha abilit\u00e0, passioni e attitudini da mettere a frutto e che possono andare ad arricchire il lavoro delle aziende del territorio. Con questa filosofia nasce una nuova modalit\u00e0 di apprendistato, completamente finanzata dalla Regione Liguria, e che \u00e8 &#8220;votata&#8221; a recuperare chi [&hellip;]<\/p>\n","protected":false},"author":13744,"featured_media":0,"comment_status":"open","ping_status":"closed","sticky":false,"template":"","format":"standard","meta":{"footnotes":""},"categories":[56],"tags":[18373,1142,393,295,199],"class_list":["post-239044","post","type-post","status-publish","format-standard","hentry","category-altre","tag-apprendistato","tag-formazione","tag-liguria","tag-regione","tag-scuola","post_cat_citta-andora"],"amp_validity":null,"amp_enabled":true,"_links":{"self":[{"href":"https:\/\/staging.ivg.it\/ediapi\/wp\/v2\/posts\/239044","targetHints":{"allow":["GET"]}}],"collection":[{"href":"https:\/\/staging.ivg.it\/ediapi\/wp\/v2\/posts"}],"about":[{"href":"https:\/\/staging.ivg.it\/ediapi\/wp\/v2\/types\/post"}],"author":[{"embeddable":true,"href":"https:\/\/staging.ivg.it\/ediapi\/wp\/v2\/users\/13744"}],"replies":[{"embeddable":true,"href":"https:\/\/staging.ivg.it\/ediapi\/wp\/v2\/comments?post=239044"}],"version-history":[{"count":0,"href":"https:\/\/staging.ivg.it\/ediapi\/wp\/v2\/posts\/239044\/revisions"}],"wp:attachment":[{"href":"https:\/\/staging.ivg.it\/ediapi\/wp\/v2\/media?parent=239044"}],"wp:term":[{"taxonomy":"category","embeddable":true,"href":"https:\/\/staging.ivg.it\/ediapi\/wp\/v2\/categories?post=239044"},{"taxonomy":"post_tag","embeddable":true,"href":"https:\/\/staging.ivg.it\/ediapi\/wp\/v2\/tags?post=239044"}],"curies":[{"name":"wp","href":"https:\/\/api.w.org\/{rel}","templated":true}]}}