{"id":238830,"date":"2013-04-15T08:08:44","date_gmt":"2013-04-15T06:08:44","guid":{"rendered":"http:\/\/www.ivg.it\/?p=238830"},"modified":"2013-04-15T14:54:24","modified_gmt":"2013-04-15T12:54:24","slug":"elezioni-progetto-alassio-candida-piera-oliveri-aperti-ad-altre-realta-civiche","status":"publish","type":"post","link":"https:\/\/staging.ivg.it\/2013\/04\/elezioni-progetto-alassio-candida-piera-oliveri-aperti-ad-altre-realta-civiche\/","title":{"rendered":"Elezioni, &#8220;Progetto Alassio&#8221; candida Piera Oliveri: &#8220;Aperti ad altre realt\u00e0 civiche&#8221;"},"content":{"rendered":"<p><strong>Alassio.<\/strong> Piera Oliveri \u00e8 cadidato sindaco della lista &#8220;Progetto Alassio&#8221;. &#8220;Abbiamo riconosciuto in Piera la persona migliore per guidare il paese e anche per diventare il primo sindaco rosa della citt\u00e0 del muretto &#8211; si legge in una nota &#8211; Il fatto che sia esperta di amministrazione e molto preparata nell\u2019organizzazione turistica \u00e8 un segnale molto importante&#8221;. <\/p>\n<p>&#8220;Alassio e le persone di Alassio hanno bisogno finalmente di persone preparate e capaci di far ripartire l\u2019economia turistica, migliorare la qualit\u00e0 della vita dei cittadini e restituire l\u2019immagine di Alassio che \u00e8 stata danneggiata &#8211; si legge ancora &#8211; Il candidato di &#8216;Progetto Alassio&#8217; \u00e8 la piena espressione del gruppo e rappresenter\u00e0 il progetto nella futura campagna elettorale o nelle eventuali trattive che abbiamo perseguito e che tutt\u2019ora sono in corso per aggregare le diverse forze civiche che sono gi\u00e0 costituite o che sono in fase di costituzione&#8221;. <\/p>\n<p>&#8220;Sono felice di aver lavorato e di rappresentare questo gruppo che per la prima volta ad Alassio ha voluto lavorare su un programma e su delle reali novit\u00e0 per rilanciare il paese. Sono sempre favorevole alla possibilit\u00e0 di affiancare nel cammino altre realt\u00e0 civiche, cos\u00ec da unire le forze. Sono certa che il nostro gruppo sia molto bene bilanciato, avendo nella sua anima sia giovani che persone d\u2019esperienza ma soprattutto le migliori competenze a disposizione di Alassio. Progetto Alassio \u00e8 sicuramente la risposta che la citt\u00e0 aspetta\u201d sono le parole del candidato sindaco.<\/p>\n","protected":false},"excerpt":{"rendered":"<p>Alassio. Piera Oliveri \u00e8 cadidato sindaco della lista &#8220;Progetto Alassio&#8221;. &#8220;Abbiamo riconosciuto in Piera la persona migliore per guidare il paese e anche per diventare il primo sindaco rosa della citt\u00e0 del muretto &#8211; si legge in una nota &#8211; Il fatto che sia esperta di amministrazione e molto preparata nell\u2019organizzazione turistica \u00e8 un segnale [&hellip;]<\/p>\n","protected":false},"author":13744,"featured_media":0,"comment_status":"open","ping_status":"closed","sticky":false,"template":"","format":"standard","meta":{"footnotes":""},"categories":[31],"tags":[85824,218,43856,45204,45403],"class_list":["post-238830","post","type-post","status-publish","format-standard","hentry","category-politica","tag-alassio","tag-elezioni","tag-elezioni-2013","tag-piera-oliveri","tag-progetto-alassio","post_cat_citta-alassio"],"amp_validity":null,"amp_enabled":true,"_links":{"self":[{"href":"https:\/\/staging.ivg.it\/ediapi\/wp\/v2\/posts\/238830","targetHints":{"allow":["GET"]}}],"collection":[{"href":"https:\/\/staging.ivg.it\/ediapi\/wp\/v2\/posts"}],"about":[{"href":"https:\/\/staging.ivg.it\/ediapi\/wp\/v2\/types\/post"}],"author":[{"embeddable":true,"href":"https:\/\/staging.ivg.it\/ediapi\/wp\/v2\/users\/13744"}],"replies":[{"embeddable":true,"href":"https:\/\/staging.ivg.it\/ediapi\/wp\/v2\/comments?post=238830"}],"version-history":[{"count":0,"href":"https:\/\/staging.ivg.it\/ediapi\/wp\/v2\/posts\/238830\/revisions"}],"wp:attachment":[{"href":"https:\/\/staging.ivg.it\/ediapi\/wp\/v2\/media?parent=238830"}],"wp:term":[{"taxonomy":"category","embeddable":true,"href":"https:\/\/staging.ivg.it\/ediapi\/wp\/v2\/categories?post=238830"},{"taxonomy":"post_tag","embeddable":true,"href":"https:\/\/staging.ivg.it\/ediapi\/wp\/v2\/tags?post=238830"}],"curies":[{"name":"wp","href":"https:\/\/api.w.org\/{rel}","templated":true}]}}