{"id":238777,"date":"2013-04-13T13:35:09","date_gmt":"2013-04-13T11:35:09","guid":{"rendered":"http:\/\/www.ivg.it\/?p=238777"},"modified":"2013-04-13T13:35:09","modified_gmt":"2013-04-13T11:35:09","slug":"alassio-gli-ex-allievi-del-don-bosco-celebrano-il-centenario-con-una-marcia-aperta-a-tutti","status":"publish","type":"post","link":"https:\/\/staging.ivg.it\/2013\/04\/alassio-gli-ex-allievi-del-don-bosco-celebrano-il-centenario-con-una-marcia-aperta-a-tutti\/","title":{"rendered":"Alassio, gli ex allievi del Don Bosco celebrano il centenario con una marcia aperta a tutti"},"content":{"rendered":"<p><strong>Alassio<\/strong>. Domani, domenica 14 aprile, alle ore 9,30, presso i rinnovati cortili dell&#8217;oratorio Don Bosco di Alassio, prender\u00e0 il via la marcia non competitiva &#8220;Famiglia, Fede e Sport&#8221;, una delle manifestazioni che celebreranno il centenario dell&#8217;Unione Ex-Allievi\/e di Don Bosco.<\/p>\n<p>\u201cCome accaduto per il concerto lirico \u2013 dichiarano gli organizzatori \u2013 che ha riscosso un gradito successo di pubblico con la partecipazione di moltissimi appassionati tra alassini, turisti ed ex allievi, a dimostrazione della vivacit\u00e0 culturale della nostra citt\u00e0 e delle notevoli possibilit\u00e0 che la cultura offre al turismo, anche in questa occasione vogliamo festeggiare il nostro compleanno speciale coinvolgendo il pi\u00f9 possibile i tanti amici concittadini, grazie a questa attesa marcia!\u201d.<\/p>\n<p>\u201cLa manifestazione \u2013 continuano gli ex allievi \u2013 \u00e8 aperta a tutti i bambini e ragazzi delle scuole di Alassio, ai componenti delle associazioni sportive e non, agli scout e soprattutto alle famiglie. &#8216;Amate ci\u00f2 che i giovani amano&#8217; diceva don Bosco. E\u2019 per tale ragione che il gioco e lo sport hanno avuto un ruolo molto importante nella storia salesiana e perci\u00f2 come ex allievi non possiamo che avere un\u2019attenzione particolare verso questo mondo fondamentale per la crescita dei bambini e dei ragazzi&#8221;.<\/p>\n<p>&#8220;Un ringraziamento particolare ad una giovane artista, Chiara Spagnoli, che ha creato per noi uno striscione per la partenza &#8211; concludono -. Linea del via e arrivo presso i cortili del nostro oratorio con colazione e gadget per tutti&#8221;.<\/p>\n","protected":false},"excerpt":{"rendered":"<p>Alassio. Domani, domenica 14 aprile, alle ore 9,30, presso i rinnovati cortili dell&#8217;oratorio Don Bosco di Alassio, prender\u00e0 il via la marcia non competitiva &#8220;Famiglia, Fede e Sport&#8221;, una delle manifestazioni che celebreranno il centenario dell&#8217;Unione Ex-Allievi\/e di Don Bosco. \u201cCome accaduto per il concerto lirico \u2013 dichiarano gli organizzatori \u2013 che ha riscosso un [&hellip;]<\/p>\n","protected":false},"author":13744,"featured_media":0,"comment_status":"open","ping_status":"closed","sticky":false,"template":"","format":"standard","meta":{"footnotes":""},"categories":[32],"tags":[85824,1795],"class_list":["post-238777","post","type-post","status-publish","format-standard","hentry","category-sport","tag-alassio","tag-famiglia","post_cat_citta-alassio"],"amp_validity":null,"amp_enabled":true,"_links":{"self":[{"href":"https:\/\/staging.ivg.it\/ediapi\/wp\/v2\/posts\/238777","targetHints":{"allow":["GET"]}}],"collection":[{"href":"https:\/\/staging.ivg.it\/ediapi\/wp\/v2\/posts"}],"about":[{"href":"https:\/\/staging.ivg.it\/ediapi\/wp\/v2\/types\/post"}],"author":[{"embeddable":true,"href":"https:\/\/staging.ivg.it\/ediapi\/wp\/v2\/users\/13744"}],"replies":[{"embeddable":true,"href":"https:\/\/staging.ivg.it\/ediapi\/wp\/v2\/comments?post=238777"}],"version-history":[{"count":0,"href":"https:\/\/staging.ivg.it\/ediapi\/wp\/v2\/posts\/238777\/revisions"}],"wp:attachment":[{"href":"https:\/\/staging.ivg.it\/ediapi\/wp\/v2\/media?parent=238777"}],"wp:term":[{"taxonomy":"category","embeddable":true,"href":"https:\/\/staging.ivg.it\/ediapi\/wp\/v2\/categories?post=238777"},{"taxonomy":"post_tag","embeddable":true,"href":"https:\/\/staging.ivg.it\/ediapi\/wp\/v2\/tags?post=238777"}],"curies":[{"name":"wp","href":"https:\/\/api.w.org\/{rel}","templated":true}]}}