{"id":238776,"date":"2013-04-13T12:28:12","date_gmt":"2013-04-13T10:28:12","guid":{"rendered":"http:\/\/www.ivg.it\/?p=238776"},"modified":"2013-04-14T14:54:15","modified_gmt":"2013-04-14T12:54:15","slug":"elezioni-alassio-dalla-lega-nord-il-si-ufficiale-per-la-candidatura-di-enzo-canepa","status":"publish","type":"post","link":"https:\/\/staging.ivg.it\/2013\/04\/elezioni-alassio-dalla-lega-nord-il-si-ufficiale-per-la-candidatura-di-enzo-canepa\/","title":{"rendered":"Elezioni Alassio: dalla Lega il &#8220;s\u00ec&#8221; ufficiale per la candidatura di Enzo Canepa"},"content":{"rendered":"<p><strong>Alassio.<\/strong> Si \u00e8 riunito il direttivo della Lega Nord, sezione di Alassio. Al termine della riunione, il direttivo si \u00e8 espresso al riguardo delle scelte da effettuare in vista delle ormai imminenti consultazioni elettorali amministrative per la citt\u00e0 del Muretto. <\/p>\n<p>&#8220;Il Direttivo, dopo giorni di incontri e consultazioni con le parti sociali, con le categorie imprenditoriali, con la societ\u00e0 alassina, ma anche e soprattutto con i militanti della Lega Nord cittadini, ha deciso di garantire il proprio appoggio alla lista civica a sostegno della candidatura a Sindaco di Enzo Canepa &#8211; si legge in una nota ufficiale &#8211; Canepa \u00e8 persona stimata, imprenditore capace, la giusta scelta per il futuro amministrativo e politico di Alassio, e perch\u00e9 la citt\u00e0 volti pagina, dopo la disastrosa esperienza dell&#8217;amministrazione guidata da Roberto Avogadro&#8221;.<\/p>\n<p>\u201cNaturalmente, quello di Enzo Canepa ci \u00e8 sembrato da subito un nome valido per ricoprire la carica di sindaco, e riscontriamo con piacere che il Popolo della Libert\u00e0 converga fortemente su di lui, confermando che le percezioni emerse dagli incontri avuti sul territorio alassino, da entrambi i partiti, ci hanno portato a condividere questa scelta\u201d, commenta Roberto Sasso del Verme, responsabile provinciale Enti Locali per la Lega Nord.<\/p>\n","protected":false},"excerpt":{"rendered":"<p>Alassio. Si \u00e8 riunito il direttivo della Lega Nord, sezione di Alassio. Al termine della riunione, il direttivo si \u00e8 espresso al riguardo delle scelte da effettuare in vista delle ormai imminenti consultazioni elettorali amministrative per la citt\u00e0 del Muretto. &#8220;Il Direttivo, dopo giorni di incontri e consultazioni con le parti sociali, con le categorie [&hellip;]<\/p>\n","protected":false},"author":13744,"featured_media":0,"comment_status":"open","ping_status":"closed","sticky":false,"template":"","format":"standard","meta":{"footnotes":""},"categories":[31],"tags":[85824,43856,31202,4200],"class_list":["post-238776","post","type-post","status-publish","format-standard","hentry","category-politica","tag-alassio","tag-elezioni-2013","tag-elezioni-alassio","tag-lega","post_cat_citta-alassio"],"amp_validity":null,"amp_enabled":true,"_links":{"self":[{"href":"https:\/\/staging.ivg.it\/ediapi\/wp\/v2\/posts\/238776","targetHints":{"allow":["GET"]}}],"collection":[{"href":"https:\/\/staging.ivg.it\/ediapi\/wp\/v2\/posts"}],"about":[{"href":"https:\/\/staging.ivg.it\/ediapi\/wp\/v2\/types\/post"}],"author":[{"embeddable":true,"href":"https:\/\/staging.ivg.it\/ediapi\/wp\/v2\/users\/13744"}],"replies":[{"embeddable":true,"href":"https:\/\/staging.ivg.it\/ediapi\/wp\/v2\/comments?post=238776"}],"version-history":[{"count":0,"href":"https:\/\/staging.ivg.it\/ediapi\/wp\/v2\/posts\/238776\/revisions"}],"wp:attachment":[{"href":"https:\/\/staging.ivg.it\/ediapi\/wp\/v2\/media?parent=238776"}],"wp:term":[{"taxonomy":"category","embeddable":true,"href":"https:\/\/staging.ivg.it\/ediapi\/wp\/v2\/categories?post=238776"},{"taxonomy":"post_tag","embeddable":true,"href":"https:\/\/staging.ivg.it\/ediapi\/wp\/v2\/tags?post=238776"}],"curies":[{"name":"wp","href":"https:\/\/api.w.org\/{rel}","templated":true}]}}