{"id":238443,"date":"2013-04-09T13:20:02","date_gmt":"2013-04-09T11:20:02","guid":{"rendered":"http:\/\/www.ivg.it\/?p=238443"},"modified":"2013-04-09T14:45:35","modified_gmt":"2013-04-09T12:45:35","slug":"mtb-si-avvicina-lappuntamento-con-la-prima-gran-fondo-albisolabike-cicli-zanini","status":"publish","type":"post","link":"https:\/\/staging.ivg.it\/2013\/04\/mtb-si-avvicina-lappuntamento-con-la-prima-gran-fondo-albisolabike-cicli-zanini\/","title":{"rendered":"Mtb, si avvicina l&#8217;appuntamento con la prima Gran Fondo AlbisolaBike-Cicli Zanini"},"content":{"rendered":"<p><strong>Albisola Superiore<\/strong>. L&#8217;A.S.D. Albisola Bike \u00e8 un&#8217;associazione sportiva nata nel 2012 dalla passione di un gruppo di amici che gi\u00e0 pedalava nella ventennale squadra sportiva della Team Cicli Zanini, allora fondata da Enrico Zanini, titolare dell&#8217;omonima ditta di vendita e riparazioni con sede ad Albisola Superiore.<\/p>\n<p>La struttura societaria \u00e8 stata riorganizzata e sono state gettate le basi per lo sviluppo di importanti progetti futuri riguardanti l&#8217;attivit\u00e0 ciclistica amatoriale e agonistica. Il nuovo direttivo ha progetti molto ambiziosi, tra cui la messa a punto di una vera e propria scuola di mountain bike capace di formare nuovi atleti, fornire assistenza e stimolare gli appassionati.<\/p>\n<p>L&#8217;associazione si ripropone con rinnovato impegno, a partire dall&#8217;organizzazione di periodici allenamenti con obiettivo la partecipazione a diverse competizioni, sia a livello locale che nazionale.<\/p>\n<p>Per essere parte attiva della realt\u00e0 ciclistica locale la societ\u00e0 organizzer\u00e0 anche due gare da aggiungere al calendario in programma, grazie anche al sostegno di alcune attivit\u00e0 ed amministrazioni locali.<\/p>\n<p>La prima, in programma domenica 5 maggio, sar\u00e0 la Gran Fondo AlbisolaBike-Cicli Zanini, aperta a tutti gli appassionati delle \u201cruote grasse\u201d. La seconda sar\u00e0 dedicata ai corridori su strada e si terr\u00e0 nel mese di settembre.<\/p>\n<p>La prima edizione della Gran Fondo si svilupper\u00e0 su una distanza di 38 km, con un dislivello di 1300 metri. Il ritrovo \u00e8 fissato per le ore 8 presso il campo sportivo di Luceto, con il ritiro del pacco gara.<\/p>\n<p>Alle 9,30 partir\u00e0 la corsa; all&#8217;arrivo, ad attendere i bikers, ci sar\u00e0 un pasta party. Per i primi classificati ci saranno buoni carburante del valore di 400 euro. Premi anche per i primi cinque di ogni categoria e alle prime cinque squadre. Tra gli iscritti sar\u00e0 estratto un tv led. Il costo di iscrizione \u00e8 di 20 euro fino al 13 aprile, 25 euro fino al 3 maggio, 30 euro nel fine settimana della gara. Per informazioni si pu\u00f2 scrivere ad <a href=\"mailto:albisolabike@gmail.com\">albisolabike@gmail.com<\/a> o telefonare al 3477140445 o al 3383982574.<\/p>\n<p>Per seguire ed essere aggionati sulle attivit\u00e0 di Albisola Bike \u00e8 stato appositamente creato il sito web <a href=\"http:\/\/www.albisolabike.it\">www.albisolabike.it<\/a>; si pu\u00f2 inoltre entrare a far parte della comunit\u00e0 visitando la pagina su Facebook: <a href=\"http:\/\/www.facebook.com\/pages\/Albisola-Bike\">www.facebook.com\/pages\/Albisola-Bike<\/a>.<\/p>\n","protected":false},"excerpt":{"rendered":"<p>Albisola Superiore. L&#8217;A.S.D. Albisola Bike \u00e8 un&#8217;associazione sportiva nata nel 2012 dalla passione di un gruppo di amici che gi\u00e0 pedalava nella ventennale squadra sportiva della Team Cicli Zanini, allora fondata da Enrico Zanini, titolare dell&#8217;omonima ditta di vendita e riparazioni con sede ad Albisola Superiore. La struttura societaria \u00e8 stata riorganizzata e sono state [&hellip;]<\/p>\n","protected":false},"author":13744,"featured_media":0,"comment_status":"open","ping_status":"closed","sticky":false,"template":"","format":"standard","meta":{"footnotes":""},"categories":[32],"tags":[86016,1255],"class_list":["post-238443","post","type-post","status-publish","format-standard","hentry","category-sport","tag-albisola-superiore","tag-mountain-bike","post_cat_citta-albisola-superiore"],"amp_validity":null,"amp_enabled":true,"_links":{"self":[{"href":"https:\/\/staging.ivg.it\/ediapi\/wp\/v2\/posts\/238443","targetHints":{"allow":["GET"]}}],"collection":[{"href":"https:\/\/staging.ivg.it\/ediapi\/wp\/v2\/posts"}],"about":[{"href":"https:\/\/staging.ivg.it\/ediapi\/wp\/v2\/types\/post"}],"author":[{"embeddable":true,"href":"https:\/\/staging.ivg.it\/ediapi\/wp\/v2\/users\/13744"}],"replies":[{"embeddable":true,"href":"https:\/\/staging.ivg.it\/ediapi\/wp\/v2\/comments?post=238443"}],"version-history":[{"count":0,"href":"https:\/\/staging.ivg.it\/ediapi\/wp\/v2\/posts\/238443\/revisions"}],"wp:attachment":[{"href":"https:\/\/staging.ivg.it\/ediapi\/wp\/v2\/media?parent=238443"}],"wp:term":[{"taxonomy":"category","embeddable":true,"href":"https:\/\/staging.ivg.it\/ediapi\/wp\/v2\/categories?post=238443"},{"taxonomy":"post_tag","embeddable":true,"href":"https:\/\/staging.ivg.it\/ediapi\/wp\/v2\/tags?post=238443"}],"curies":[{"name":"wp","href":"https:\/\/api.w.org\/{rel}","templated":true}]}}