{"id":238441,"date":"2013-04-09T13:16:55","date_gmt":"2013-04-09T11:16:55","guid":{"rendered":"http:\/\/www.ivg.it\/?p=238441"},"modified":"2013-04-10T08:30:34","modified_gmt":"2013-04-10T06:30:34","slug":"bimbo-disperso-a-osiglia-sindaco-scarzella","status":"publish","type":"post","link":"https:\/\/staging.ivg.it\/2013\/04\/bimbo-disperso-a-osiglia-sindaco-scarzella\/","title":{"rendered":"Bimbo disperso a Osiglia, il sindaco Scarzella: &#8220;Ore di angoscia, il paese si \u00e8 mobilitato&#8221;"},"content":{"rendered":"<p><strong>Osiglia<\/strong>. L&#8217;emergenza della notte e la disavventura del piccolo Daniele hanno visto una mobilitazione generale della comunit\u00e0 di Osiglia. Fiaccole, torce, mezzi di fortuna sul lago: tutto per perlustrare anfratti e zone impervie l\u00e0 dove si immaginava si fosse smarrito il bimbo di due anni e mezzo. Vigili del fuoco, soccorso alpino, carabinieri, 118, polizia, specialisti del nucleo speleo fluviale, sommozzatori, personale esperto di topografia applicata al soccorso: una macchina che ha funzionato con l&#8217;apporto di tanti volontari del paese.<\/p>\n<p>Spiega il sindaco Paola Scarzella, che ha seguito direttamente la vicenda: &#8220;Trattandosi di un bambino, la comunit\u00e0 \u00e8 rimasta colpita. Sono stati momenti di angoscia e ore interminabili. Il ritrovamento si \u00e8 trasformato in un&#8217;ovazione da parte di tutti. Alle 3 stavamo perdendo le speranze anche perch\u00e9 le temperature si stavano abbassando. Ma oggi c&#8217;\u00e8 una gioia che non ci fa sentire nemmeno la stanchezza&#8221;.<\/p>\n<p>Il gelo notturno, l&#8217;insidia del lago, la vegetazione fitta erano tutte fonti di preoccupazione per la sorte del piccolo, allontanatosi da casa, in via Giacchino, dopo una lite con la sorellina, per farle un dispetto. Dopo dieci ore, Daniele \u00e8 stato trovato ranicchiato sotto le foglie da un agente della polizia stradale di Carcare, Matteo Porrini, dalla collega e da due operatori del soccorso alpino. Ha riabbracciato pap\u00e0 Michele e mamma Cristina: sta bene.<\/p>\n<p>&#8220;Ringrazio tutti &#8211; dichiara il sindaco Scarzella &#8211; C&#8217;era tantissima gente e tanti volontari. Immaginare un bambino di notte in un bosco&#8230; non avremmo fermato le ricerche, le avremmo continuate sino a quando era necessario. Il paese \u00e8 stato molto vicino alla famiglia mostrando un&#8217;enorme mobilitazione. La fortuna ha giocato dalla nostra parte. Se passavano le ore, il freddo poteva causare conseguenze gravi&#8221;.<\/p>\n","protected":false},"excerpt":{"rendered":"<p>Osiglia. L&#8217;emergenza della notte e la disavventura del piccolo Daniele hanno visto una mobilitazione generale della comunit\u00e0 di Osiglia. Fiaccole, torce, mezzi di fortuna sul lago: tutto per perlustrare anfratti e zone impervie l\u00e0 dove si immaginava si fosse smarrito il bimbo di due anni e mezzo. Vigili del fuoco, soccorso alpino, carabinieri, 118, polizia, [&hellip;]<\/p>\n","protected":false},"author":13744,"featured_media":0,"comment_status":"open","ping_status":"closed","sticky":false,"template":"","format":"standard","meta":{"footnotes":""},"categories":[34],"tags":[45275,85935,19418],"class_list":["post-238441","post","type-post","status-publish","format-standard","hentry","category-cronaca","tag-bimbo-disperso-osiglia","tag-osiglia","tag-paola-scarzella","post_cat_citta-osiglia"],"amp_validity":null,"amp_enabled":true,"_links":{"self":[{"href":"https:\/\/staging.ivg.it\/ediapi\/wp\/v2\/posts\/238441","targetHints":{"allow":["GET"]}}],"collection":[{"href":"https:\/\/staging.ivg.it\/ediapi\/wp\/v2\/posts"}],"about":[{"href":"https:\/\/staging.ivg.it\/ediapi\/wp\/v2\/types\/post"}],"author":[{"embeddable":true,"href":"https:\/\/staging.ivg.it\/ediapi\/wp\/v2\/users\/13744"}],"replies":[{"embeddable":true,"href":"https:\/\/staging.ivg.it\/ediapi\/wp\/v2\/comments?post=238441"}],"version-history":[{"count":0,"href":"https:\/\/staging.ivg.it\/ediapi\/wp\/v2\/posts\/238441\/revisions"}],"wp:attachment":[{"href":"https:\/\/staging.ivg.it\/ediapi\/wp\/v2\/media?parent=238441"}],"wp:term":[{"taxonomy":"category","embeddable":true,"href":"https:\/\/staging.ivg.it\/ediapi\/wp\/v2\/categories?post=238441"},{"taxonomy":"post_tag","embeddable":true,"href":"https:\/\/staging.ivg.it\/ediapi\/wp\/v2\/tags?post=238441"}],"curies":[{"name":"wp","href":"https:\/\/api.w.org\/{rel}","templated":true}]}}