{"id":238439,"date":"2013-04-09T12:45:51","date_gmt":"2013-04-09T10:45:51","guid":{"rendered":"http:\/\/www.ivg.it\/?p=238439"},"modified":"2013-04-10T07:59:27","modified_gmt":"2013-04-10T05:59:27","slug":"bimbo-disperso-a-osiglia-mamma-e-papa","status":"publish","type":"post","link":"https:\/\/staging.ivg.it\/2013\/04\/bimbo-disperso-a-osiglia-mamma-e-papa\/","title":{"rendered":"Bimbo disperso a Osiglia, si \u00e8 allontanato per dispetto alla sorellina. I genitori ai soccorritori: &#8220;E&#8217; un miracolo, grazie a tutti&#8221;"},"content":{"rendered":"<p><strong>Osiglia<\/strong>. Si \u00e8 allontanato da casa per fare un dispetto alla sorellina, dopo una lite durante un momento di giochi. E&#8217; cos\u00ec che \u00e8 iniziata la disavventura per il piccolo Daniele che, camminando e perdendo di vista l&#8217;abitazione di via Giacchino, si \u00e8 perduto.<\/p>\n<p>Il padre, Michele Baruzzo, tecnico informatico, spiega la dinamica: &#8220;Daniele e la sorellina hanno litigato. Lei \u00e8 salita in casa per andare dagli altri fratellini che giocavano al computer, mentre Daniele per dispetto ha preso la strada e, iniziando a camminare, ha perso l&#8217;orientamento; ha fatto due tornanti, quasi per un chilometro, poi si \u00e8 fermato quando probabilmente \u00e8 venuto buio. Fra l&#8217;altro c&#8217;era anche un po&#8217; di nebbia&#8221;.<\/p>\n<p>I genitori hanno vissuto ore interminabili di apprensione, ma non hanno mai perso la speranza. La mamma del piccolo, Cristina, sottolinea: &#8220;Inizialmente speravo si fosse addormentato in casa, da qualche parte. Ma abbiamo cercato dappertutto, sopra e sotto, senza trovarlo. A un certo punto bisognava per forza pensare che era fuori. Sino alle 18,15 era in casa, poi \u00e8 uscito per giocare con la sorella. Quando mi sono accorto che non c&#8217;era, abbiamo dato l&#8217;allarme&#8221;.<\/p>\n<p>Dieci ore al buio e al freddo per un bimbo di due anni e mezzo \u00e8 una prova terribile, ma Daniele ha resistito: ha resistito alle temperature basse e allo spavento. &#8220;Ho sentito a un certo momento, dentro di me, che stava bene &#8211; riferisce la mamma &#8211; Ma la paura che fosse nel lago o altro era grande. Ora Daniele sta bene&#8221;.<\/p>\n<p>&#8220;Penso proprio che sia stato un miracolo &#8211; aggiunge il pap\u00e0 Michele &#8211; Molte persone mi hanno detto di avere pregato. Ho girato tutto il tempo. C&#8217;erano ancora i boschi pieni di pantano. Ringrazio tutti i soccorritori e i volontari che si sono adoperati nelle ricerche e in particolare Matteo, l&#8217;agente che alla fine l&#8217;ha trovato&#8221;.<\/p>\n<p>Matteo Porrini, agente della polizia stradale, era con un team di altre quattro persone nell&#8217;ambito della task force (un centinaio di soccorritori) impegnati a perlustrare boschi e lago. Il poliziotto ha illuminato un anfratto, dove si \u00e8 trovato il bambino.<\/p>\n<p>&#8220;Sono passati in quella zona e hanno deciso di puntare la torcia &#8211; racconta il padre del piccolo &#8211; hanno trovato quello che sembrava un sasso e invece no, era lui che si era ranicchiato per proteggersi dal freddo. Senza tutte le organizzazioni e le persone che hanno operato questa notte, forse questa sarebbe una mattina diversa&#8221;.<\/p>\n","protected":false},"excerpt":{"rendered":"<p>Osiglia. Si \u00e8 allontanato da casa per fare un dispetto alla sorellina, dopo una lite durante un momento di giochi. E&#8217; cos\u00ec che \u00e8 iniziata la disavventura per il piccolo Daniele che, camminando e perdendo di vista l&#8217;abitazione di via Giacchino, si \u00e8 perduto. Il padre, Michele Baruzzo, tecnico informatico, spiega la dinamica: &#8220;Daniele e [&hellip;]<\/p>\n","protected":false},"author":13744,"featured_media":0,"comment_status":"open","ping_status":"closed","sticky":false,"template":"","format":"standard","meta":{"footnotes":""},"categories":[34],"tags":[45275,85935],"class_list":["post-238439","post","type-post","status-publish","format-standard","hentry","category-cronaca","tag-bimbo-disperso-osiglia","tag-osiglia","post_cat_citta-osiglia"],"amp_validity":null,"amp_enabled":true,"_links":{"self":[{"href":"https:\/\/staging.ivg.it\/ediapi\/wp\/v2\/posts\/238439","targetHints":{"allow":["GET"]}}],"collection":[{"href":"https:\/\/staging.ivg.it\/ediapi\/wp\/v2\/posts"}],"about":[{"href":"https:\/\/staging.ivg.it\/ediapi\/wp\/v2\/types\/post"}],"author":[{"embeddable":true,"href":"https:\/\/staging.ivg.it\/ediapi\/wp\/v2\/users\/13744"}],"replies":[{"embeddable":true,"href":"https:\/\/staging.ivg.it\/ediapi\/wp\/v2\/comments?post=238439"}],"version-history":[{"count":0,"href":"https:\/\/staging.ivg.it\/ediapi\/wp\/v2\/posts\/238439\/revisions"}],"wp:attachment":[{"href":"https:\/\/staging.ivg.it\/ediapi\/wp\/v2\/media?parent=238439"}],"wp:term":[{"taxonomy":"category","embeddable":true,"href":"https:\/\/staging.ivg.it\/ediapi\/wp\/v2\/categories?post=238439"},{"taxonomy":"post_tag","embeddable":true,"href":"https:\/\/staging.ivg.it\/ediapi\/wp\/v2\/tags?post=238439"}],"curies":[{"name":"wp","href":"https:\/\/api.w.org\/{rel}","templated":true}]}}