{"id":238408,"date":"2013-04-09T09:02:12","date_gmt":"2013-04-09T07:02:12","guid":{"rendered":"http:\/\/www.ivg.it\/?p=238408"},"modified":"2013-04-09T09:02:12","modified_gmt":"2013-04-09T07:02:12","slug":"albenga-trasferimento-anffas-al-trincheri-vio-decisione-frettolosa-soluzione-inadeguata","status":"publish","type":"post","link":"https:\/\/staging.ivg.it\/2013\/04\/albenga-trasferimento-anffas-al-trincheri-vio-decisione-frettolosa-soluzione-inadeguata\/","title":{"rendered":"Albenga, trasferimento Anffas al Trincheri. Vio: &#8220;Decisione frettolosa, soluzione inadeguata&#8221;"},"content":{"rendered":"<p><strong>Albenga<\/strong>. Non si placa la polemica sul trasferimento della sede Anffas (sfrattata dalla Curia) all&#8217;istituto Trincheri di Albenga. Sulla vicende interviene anche il capogruppo del Pd in consiglio comunale Mariangelo Vio.<\/p>\n<p>&#8220;Il CdA dell&#8217;istituto Trincheri \u00e8 un organo autonomo e son convinto che avr\u00e0 ponderato con assoluto senso di responsabilit\u00e0 la propria decisione di chiedere una valutazione pi\u00f9 attenta rispetto alla collocazione dell&#8217;Anffas &#8211; dice Vio &#8211; Essendo costituito da persone qualificate e che vivono giornalmete la realt\u00e0 dell&#8217;Istituto Trincheri lo stesso Consiglio avr\u00e0 ritenuto che la convivenza fra le due funzioni non sia cos\u00ec &#8216;ideale&#8217; come la definisce il sindaco&#8221;.<\/p>\n<p>&#8220;Io credo sia bene tener conto di queste valutazioni e ricercare una soluzione che dia legittima soddisfazione alle esigenze dell&#8217;Anffas e non interferisca con la consolidata realt\u00e0 del Istituto Trincheri &#8211; prosegue l&#8217;esponente Pd &#8211; Non credo che manchino in Albenga le soluzioni consone. Il problema non \u00e8 perch\u00e8 oggi si rimette in discussione la convenzione a suo tempo votata&#8221;.<\/p>\n<p>&#8220;Semmai \u00e8 il caso di chiedersi se quella decisione non sia stata frettolosa e frutto di pressioni nell&#8217;intento di ricollocare con la massima urgenza l&#8217;Anffas fuori dai locali della Curia &#8211; sostiene ancora Vio &#8211; Il pacato comunicato del Pd di Albenga poneva infatti un problema etico. Stride infatti l&#8217;azione legale promossa dalla Curia Albenganese nei confronti dell&#8217;Anffas rispetto alla convinzione generale che le azioni della Chiesa siano improntate esclusivamente alla solidariet\u00e0. Probabilmente in tanta solerzia traspare l&#8217;esigenza dello scolaro di fare il compito presto e bene per accondiscendere ai desideri del maestro&#8221;.<\/p>\n<p>&#8220;Stride ancor di pi\u00f9 infatti la reazione scomposta dell&#8217;assessore del Comune di Albenga Eraldo Ciangherotti che pervicacemente vuole imporre questa soluzione. Forse sarebbe il caso di interrogarsi se il suo agire sia solo nell&#8217;esclusivo interesse del Comune di Albenga e dei suoi cittadini&#8221; conclude Vio. <\/p>\n","protected":false},"excerpt":{"rendered":"<p>Albenga. Non si placa la polemica sul trasferimento della sede Anffas (sfrattata dalla Curia) all&#8217;istituto Trincheri di Albenga. Sulla vicende interviene anche il capogruppo del Pd in consiglio comunale Mariangelo Vio. &#8220;Il CdA dell&#8217;istituto Trincheri \u00e8 un organo autonomo e son convinto che avr\u00e0 ponderato con assoluto senso di responsabilit\u00e0 la propria decisione di chiedere [&hellip;]<\/p>\n","protected":false},"author":13744,"featured_media":0,"comment_status":"open","ping_status":"closed","sticky":false,"template":"","format":"standard","meta":{"footnotes":""},"categories":[31],"tags":[85841,45144,3920,2572],"class_list":["post-238408","post","type-post","status-publish","format-standard","hentry","category-politica","tag-albenga","tag-anffas","tag-mariangelo-vio","tag-trincheri","post_cat_citta-albenga"],"amp_validity":null,"amp_enabled":true,"_links":{"self":[{"href":"https:\/\/staging.ivg.it\/ediapi\/wp\/v2\/posts\/238408","targetHints":{"allow":["GET"]}}],"collection":[{"href":"https:\/\/staging.ivg.it\/ediapi\/wp\/v2\/posts"}],"about":[{"href":"https:\/\/staging.ivg.it\/ediapi\/wp\/v2\/types\/post"}],"author":[{"embeddable":true,"href":"https:\/\/staging.ivg.it\/ediapi\/wp\/v2\/users\/13744"}],"replies":[{"embeddable":true,"href":"https:\/\/staging.ivg.it\/ediapi\/wp\/v2\/comments?post=238408"}],"version-history":[{"count":0,"href":"https:\/\/staging.ivg.it\/ediapi\/wp\/v2\/posts\/238408\/revisions"}],"wp:attachment":[{"href":"https:\/\/staging.ivg.it\/ediapi\/wp\/v2\/media?parent=238408"}],"wp:term":[{"taxonomy":"category","embeddable":true,"href":"https:\/\/staging.ivg.it\/ediapi\/wp\/v2\/categories?post=238408"},{"taxonomy":"post_tag","embeddable":true,"href":"https:\/\/staging.ivg.it\/ediapi\/wp\/v2\/tags?post=238408"}],"curies":[{"name":"wp","href":"https:\/\/api.w.org\/{rel}","templated":true}]}}