{"id":238401,"date":"2013-04-09T05:33:48","date_gmt":"2013-04-09T03:33:48","guid":{"rendered":"http:\/\/www.ivg.it\/?p=238401"},"modified":"2013-04-09T12:34:22","modified_gmt":"2013-04-09T10:34:22","slug":"il-cane-molecolare-indica-la-via-e-un-agente-della-stradale-ritrova-il-piccolo-daniele","status":"publish","type":"post","link":"https:\/\/staging.ivg.it\/2013\/04\/il-cane-molecolare-indica-la-via-e-un-agente-della-stradale-ritrova-il-piccolo-daniele\/","title":{"rendered":"Il cane &#8220;molecolare&#8221; indica la via e un agente della stradale, nel bosco, ritrova il piccolo Daniele"},"content":{"rendered":"<p><strong>Osiglia.<\/strong> Dieci ore da solo, al freddo e al buio, nei boschi sopra la sua casa a pochi metri dalle sponde del lago di Osiglia: qui il piccolo Daniele \u00e8 rimasto seduto in silenzio, spaventato, infreddolito, sino a quando una agente della polizia stradale di Carcare non ha puntato proprio su di lui la sua torcia facendo tirare a tutti un grandissimo sospiro di sollievo.<\/p>\n<p>Daniele, il bimbo di quasi tre anni, stava giocando insieme alla sua sorellina nel giardino di casa poco prima della cena, poi in un attimo sparisce. La mamma e i fratellini pi\u00f9 grandi lo cercano convinti che si sia nascosto da qualche parte poi pian piano cresce l&#8217;angoscia e i genitori chiedono l&#8217;aiuto di alcuni compaesani, ma niente: Daniele non si trova e incomincia a fare buio. Cos\u00ec dopo quasi due ore dalla scomparsa del piccolo viene lanciato l&#8217;allarme.<\/p>\n<p>Sono circa le 20. Sul posto arrivano forze dell&#8217;ordine, vigili del fuoco coon le unit\u00e0 cinofile, soccorso alpino, protezione civile e moltissimi abitanti di Osiglia con il sindaco Paola Scarzella che \u00e8 rimasta sul posto sino al momento del ritrovamento. <\/p>\n<p>Viene allestito il &#8220;campo base&#8221; sulla provinciale e vista la vicinanza con le sponde del lago arriva anche il gruppo di ricerca speleo fluviale della Croce Rossa insieme ai sommozzatori dei vigili del fuoco.<\/p>\n<p>La notte \u00e8 fredda e buia, la temperatura \u00e8 di poco sopra lo 0. Oltre 100 soccorritori perlustrano ogni anfratto, ogni stradina e grazie ad alcune piccole barche a remi anche le sponde del lago, ma il piccolo Daniele non si trova.<\/p>\n<p>Verso le 23 da Verbania arrivano i &#8220;cani molecolari&#8221;, in grado di seguire le pi\u00f9 piccole tracce e nonostante le tante persone che avevano gi\u00e0 &#8220;inquinato&#8221; la zona: \u00e8 proprio uno di questi che individua una pista. Sono quasi le due e di Daniele non si hanno notizie da quasi 9 ore; aveva solo un maglioncino mentre giocava con la sorellina con il freddo con il termometro vicino allo zero fa pensare al peggio.<\/p>\n<p>I soccorritori dopo un sorso di t\u00e8 caldo si riorganizzano e ricominciano a battere palmo a palmo la zona &#8220;fiutata&#8221; dal cane molecolare. Parte un gruppo formato da agenti della stradale e soccorso alpino e proprio loro riescono a compiere il miracolo. La torcia di Matteo (il nome dell&#8217;agente) illumina il punto giusto. Daniele \u00e8 li, testa bassa, spaventato e infreddolito. Riportato a casa viene visitato dai medici del 118, sta bene non \u00e8 necessario nemmeno un controllo in ospedale. <\/p>\n<p>Al campo base i soccorritori possono sorridere e si danno forti strette di mano e pacche sulle spalle; un piccolo applauso quando arriva il &#8220;salvatore&#8221; e poi tutti via a casa sotto la doccia per riscaldarsi dopo una lunga nottata a lieto fine.<\/p>\n","protected":false},"excerpt":{"rendered":"<p>Osiglia. Dieci ore da solo, al freddo e al buio, nei boschi sopra la sua casa a pochi metri dalle sponde del lago di Osiglia: qui il piccolo Daniele \u00e8 rimasto seduto in silenzio, spaventato, infreddolito, sino a quando una agente della polizia stradale di Carcare non ha puntato proprio su di lui la sua [&hellip;]<\/p>\n","protected":false},"author":13744,"featured_media":0,"comment_status":"open","ping_status":"closed","sticky":false,"template":"","format":"standard","meta":{"footnotes":""},"categories":[34],"tags":[45275,85935],"class_list":["post-238401","post","type-post","status-publish","format-standard","hentry","category-cronaca","tag-bimbo-disperso-osiglia","tag-osiglia","post_cat_citta-osiglia"],"amp_validity":null,"amp_enabled":true,"_links":{"self":[{"href":"https:\/\/staging.ivg.it\/ediapi\/wp\/v2\/posts\/238401","targetHints":{"allow":["GET"]}}],"collection":[{"href":"https:\/\/staging.ivg.it\/ediapi\/wp\/v2\/posts"}],"about":[{"href":"https:\/\/staging.ivg.it\/ediapi\/wp\/v2\/types\/post"}],"author":[{"embeddable":true,"href":"https:\/\/staging.ivg.it\/ediapi\/wp\/v2\/users\/13744"}],"replies":[{"embeddable":true,"href":"https:\/\/staging.ivg.it\/ediapi\/wp\/v2\/comments?post=238401"}],"version-history":[{"count":0,"href":"https:\/\/staging.ivg.it\/ediapi\/wp\/v2\/posts\/238401\/revisions"}],"wp:attachment":[{"href":"https:\/\/staging.ivg.it\/ediapi\/wp\/v2\/media?parent=238401"}],"wp:term":[{"taxonomy":"category","embeddable":true,"href":"https:\/\/staging.ivg.it\/ediapi\/wp\/v2\/categories?post=238401"},{"taxonomy":"post_tag","embeddable":true,"href":"https:\/\/staging.ivg.it\/ediapi\/wp\/v2\/tags?post=238401"}],"curies":[{"name":"wp","href":"https:\/\/api.w.org\/{rel}","templated":true}]}}