{"id":238398,"date":"2013-04-09T02:01:53","date_gmt":"2013-04-09T00:01:53","guid":{"rendered":"http:\/\/www.ivg.it\/?p=238398"},"modified":"2013-04-09T07:19:42","modified_gmt":"2013-04-09T05:19:42","slug":"bambino-di-2-anni-e-mezzo-disperso-emergenza-a-osiglia-ricerche-in-corso","status":"publish","type":"post","link":"https:\/\/staging.ivg.it\/2013\/04\/bambino-di-2-anni-e-mezzo-disperso-emergenza-a-osiglia-ricerche-in-corso\/","title":{"rendered":"Bambino di 2 anni e mezzo disperso vicino al lago: ritrovato addormentato nei boschi"},"content":{"rendered":"<p><strong>Osiglia<\/strong>. Agg. 3.05 &#8211; Il piccolo Daniele \u00e8 stato ritrovato a poco meno di un chilometro nei boschi sopra la sua abitazione: sta bene.<\/p>\n<p>Un bambino di 2 anni e mezzo risulta disperso ad Osiglia. E&#8217; in atto un grande dispiegamento di forze, dalle 19 di questa sera, per rintracciare il piccolo. Vigili del fuoco con nucleo sommozzatori e cinofili, soccorso alpino, forestale, polizia, 118 e carabinieri stanno battendo palmo a palmo la zona.<\/p>\n<p>I genitori (che vivono nella localit\u00e0 valbormidese) hanno perso le tracce del piccolo Daniele in serata, in localit\u00e0 Giacchino. Le operazioni stanno procedendo nei boschi di Osiglia e nei pressi del lago. La preoccupazione per il bimbo \u00e8 molto alta, considerata anche la temperatura che nella zona \u00e8 sui quattro gradi, e la vicinanza della casa al lungolago.<\/p>\n<p>Anche il sindaco Paola Scarzella \u00e8 attiva sul posto per seguire le ricerche. Dall&#8217;abitazione della famiglia alla strada provinciale c&#8217;\u00e8 un viottolo di una trentina di metri. Il bimbo potrebbe essersi allontanato mentre giocava, ma non si esclude alcuna ipotesi, anche quella dell&#8217;intervento di qualcuno che l&#8217;abbia portato via. Ogni pista investigativa, dunque, \u00e8 aperta.<\/p>\n<p>Da quanto si \u00e8 appreso, il piccolo Daniele stava giocando con gli altri tre fratellini nel cortile di casa, prima di far perdere le proprie tracce. Disperati i genitori. La famiglia Baruzzo \u00e8 originaria di Osiglia ed ha vissuto per alcuni anni a Pietra Ligure.<\/p>\n<p>Un centinaio gli operatori, insieme a volontari del posto, impegnati nelle ricerche. All&#8217;opera, nonostante il buio, i sommozzatori e gli specialisti del nucleo speleo alpino fluviale. Imbarcazioni, anche di fortuna, stanno perlustrando il lago e scandagliando gli anfratti.<\/p>\n","protected":false},"excerpt":{"rendered":"<p>Osiglia. Agg. 3.05 &#8211; Il piccolo Daniele \u00e8 stato ritrovato a poco meno di un chilometro nei boschi sopra la sua abitazione: sta bene. Un bambino di 2 anni e mezzo risulta disperso ad Osiglia. E&#8217; in atto un grande dispiegamento di forze, dalle 19 di questa sera, per rintracciare il piccolo. Vigili del fuoco [&hellip;]<\/p>\n","protected":false},"author":13744,"featured_media":0,"comment_status":"open","ping_status":"closed","sticky":false,"template":"","format":"standard","meta":{"footnotes":""},"categories":[34],"tags":[1145,45275,3679,85935,232],"class_list":["post-238398","post","type-post","status-publish","format-standard","hentry","category-cronaca","tag-bambino","tag-bimbo-disperso-osiglia","tag-disperso","tag-osiglia","tag-soccorso","post_cat_citta-osiglia"],"amp_validity":null,"amp_enabled":true,"_links":{"self":[{"href":"https:\/\/staging.ivg.it\/ediapi\/wp\/v2\/posts\/238398","targetHints":{"allow":["GET"]}}],"collection":[{"href":"https:\/\/staging.ivg.it\/ediapi\/wp\/v2\/posts"}],"about":[{"href":"https:\/\/staging.ivg.it\/ediapi\/wp\/v2\/types\/post"}],"author":[{"embeddable":true,"href":"https:\/\/staging.ivg.it\/ediapi\/wp\/v2\/users\/13744"}],"replies":[{"embeddable":true,"href":"https:\/\/staging.ivg.it\/ediapi\/wp\/v2\/comments?post=238398"}],"version-history":[{"count":0,"href":"https:\/\/staging.ivg.it\/ediapi\/wp\/v2\/posts\/238398\/revisions"}],"wp:attachment":[{"href":"https:\/\/staging.ivg.it\/ediapi\/wp\/v2\/media?parent=238398"}],"wp:term":[{"taxonomy":"category","embeddable":true,"href":"https:\/\/staging.ivg.it\/ediapi\/wp\/v2\/categories?post=238398"},{"taxonomy":"post_tag","embeddable":true,"href":"https:\/\/staging.ivg.it\/ediapi\/wp\/v2\/tags?post=238398"}],"curies":[{"name":"wp","href":"https:\/\/api.w.org\/{rel}","templated":true}]}}