{"id":238352,"date":"2013-04-08T15:06:20","date_gmt":"2013-04-08T13:06:20","guid":{"rendered":"http:\/\/www.ivg.it\/?p=238352"},"modified":"2013-04-09T10:15:22","modified_gmt":"2013-04-09T08:15:22","slug":"verezzi-cavallo-cade-in-un-fosso-deceduto","status":"publish","type":"post","link":"https:\/\/staging.ivg.it\/2013\/04\/verezzi-cavallo-cade-in-un-fosso-deceduto\/","title":{"rendered":"Verezzi, cavallo cade in un pozzo: deceduto"},"content":{"rendered":"<p><strong>Borgio Verezzi.<\/strong> Un cavallo \u00e8 caduto in un pozzo in una fascia sulle alture di Verezzi, nel tratto che conduce verso Gorra. Non \u00e8 ancora chiaro come l&#8217;animale sia scivolato, ma purtroppo l&#8217;incidente \u00e8 risultato fatale.<\/p>\n<p>L&#8217;episodio si \u00e8 verificato in via Anton Giulio Barrili. Nella zona c&#8217;\u00e8 un gruppo di equini nei vari campi. In questo caso l&#8217;animale \u00e8 stato vittima di uno sfortunato incidente.<\/p>\n<p>Le autorit\u00e0 stanno valutando accertamenti per verificare eventuali responsabilit\u00e0 per la presenza del fosso nell&#8217;appezzamento; sta di fatto che al momento dell&#8217;accaduto era alta la tensione da parte dei proprietari degli animali, anche per lo choc dell&#8217;improvvisa perdita. Sul posto i vigili del fuoco, che si sono limitati al recupero della carcassa.<\/p>\n","protected":false},"excerpt":{"rendered":"<p>Borgio Verezzi. Un cavallo \u00e8 caduto in un pozzo in una fascia sulle alture di Verezzi, nel tratto che conduce verso Gorra. Non \u00e8 ancora chiaro come l&#8217;animale sia scivolato, ma purtroppo l&#8217;incidente \u00e8 risultato fatale. L&#8217;episodio si \u00e8 verificato in via Anton Giulio Barrili. Nella zona c&#8217;\u00e8 un gruppo di equini nei vari campi. [&hellip;]<\/p>\n","protected":false},"author":13744,"featured_media":0,"comment_status":"open","ping_status":"closed","sticky":false,"template":"","format":"standard","meta":{"footnotes":""},"categories":[34],"tags":[1154,86163],"class_list":["post-238352","post","type-post","status-publish","format-standard","hentry","category-cronaca","tag-cavallo","tag-verezzi","post_cat_citta-borgio-verezzi"],"amp_validity":null,"amp_enabled":true,"_links":{"self":[{"href":"https:\/\/staging.ivg.it\/ediapi\/wp\/v2\/posts\/238352","targetHints":{"allow":["GET"]}}],"collection":[{"href":"https:\/\/staging.ivg.it\/ediapi\/wp\/v2\/posts"}],"about":[{"href":"https:\/\/staging.ivg.it\/ediapi\/wp\/v2\/types\/post"}],"author":[{"embeddable":true,"href":"https:\/\/staging.ivg.it\/ediapi\/wp\/v2\/users\/13744"}],"replies":[{"embeddable":true,"href":"https:\/\/staging.ivg.it\/ediapi\/wp\/v2\/comments?post=238352"}],"version-history":[{"count":0,"href":"https:\/\/staging.ivg.it\/ediapi\/wp\/v2\/posts\/238352\/revisions"}],"wp:attachment":[{"href":"https:\/\/staging.ivg.it\/ediapi\/wp\/v2\/media?parent=238352"}],"wp:term":[{"taxonomy":"category","embeddable":true,"href":"https:\/\/staging.ivg.it\/ediapi\/wp\/v2\/categories?post=238352"},{"taxonomy":"post_tag","embeddable":true,"href":"https:\/\/staging.ivg.it\/ediapi\/wp\/v2\/tags?post=238352"}],"curies":[{"name":"wp","href":"https:\/\/api.w.org\/{rel}","templated":true}]}}