{"id":238320,"date":"2013-04-08T10:31:41","date_gmt":"2013-04-08T08:31:41","guid":{"rendered":"http:\/\/www.ivg.it\/?p=238320"},"modified":"2013-04-08T11:23:28","modified_gmt":"2013-04-08T09:23:28","slug":"a-finalborgo-lo-spettacolo-la-strana-malattia-sensibilizzare-il-pubblico-sullalzheimer","status":"publish","type":"post","link":"https:\/\/staging.ivg.it\/2013\/04\/a-finalborgo-lo-spettacolo-la-strana-malattia-sensibilizzare-il-pubblico-sullalzheimer\/","title":{"rendered":"A Finalborgo lo spettacolo \u201cLa Strana Malattia\u201d: sensibilizzare il pubblico sull\u2019Alzheimer"},"content":{"rendered":"<p><strong>Finalborgo.<\/strong> Con il patrocinio della Regione Liguria, in scena a Finalborgo presso l\u2019Auditorium di santa Caterina il giorno 13 aprile alle ore 21.10 ed il giorno 14 di aprile alle ore 17:00, lo spettacolo \u201cLa Strana Malattia\u201d per sensibilizzare il pubblico sull\u2019Alzheimer. <\/p>\n<p>La compagnia &#8220;Gli Amici di Babouche&#8221; ha gi\u00e0 ottenuto notevoli successi in provincia, nei precedenti spettacoli a Pietra Ligure presso il teatro Guido Moretti, a Savona, al teatro Chiabrera, a Varazze al teatro Don Bosco, a Borgio Verezzi al teatro Gassman e a Carcare al teatro Santa Rosa, ed \u00e8 riuscita a sensibilizzare anche numerose persone al problema di questa &#8220;Strana Malattia&#8221;. <\/p>\n<p>La malattia (o morbo) di Alzheimer \u00e8 definibile come un processo degenerativo che pregiudica progressivamente le cellule cerebrali, rendendo a poco a poco l&#8217;individuo che ne \u00e8 affetto incapace di una vita normale e provocandone alla fine la morte. In Italia ne soffrono circa 492.000 persone, e 26,6 milioni nel mondo secondo uno studio della Johns Hopkins Bloomberg School of Public Health di Baltimora, USA, con una netta prevalenza di donne (per via della maggior vita media delle donne rispetto agli uomini). Definita anche &#8220;demenza di Alzheimer&#8221;, viene appunto catalogata tra le demenze, essendo un deterioramento cognitivo cronico progressivo. Tra tutte le demenze quella di Alzheimer \u00e8 la pi\u00f9 comune, rappresentando, a seconda della casistica, l&#8217;80-85% di tutti i casi di demenza. A livello epidemiologico, tranne che in rare forme genetiche familiari &#8220;early-onset&#8221; (cio\u00e8 con esordio giovanile), il fattore maggiormente correlato all&#8217;incidenza della patologia \u00e8 l&#8217;et\u00e0. Molto rara sotto i 65 anni, la sua incidenza aumenta progressivamente con l&#8217;aumentare dell&#8217;et\u00e0, per raggiungere una diffusione significativa nella popolazione oltre gli 85 anni.<\/p>\n<p>La malattia \u00e8 dovuta a una diffusa distruzione di neuroni, principalmente attribuita alla beta-amiloide, una proteina che, depositandosi tra i neuroni, agisce come una sorta di collante, inglobando placche e grovigli &#8220;neurofibrillari&#8221;. La malattia \u00e8 accompagnata da una forte diminuzione di un neuro ricettore, ovvero di una molecola fondamentale per la comunicazione tra neuroni, e dunque per la memoria e ogni altra facolt\u00e0 intellettiva. La conseguenza di queste modificazioni cerebrali \u00e8 l&#8217;impossibilit\u00e0 per il neurone di trasmettere gli impulsi nervosi, e quindi la morte dello stesso, con conseguente atrofia progressiva del cervello nel suo complesso.<\/p>\n","protected":false},"excerpt":{"rendered":"<p>Finalborgo. Con il patrocinio della Regione Liguria, in scena a Finalborgo presso l\u2019Auditorium di santa Caterina il giorno 13 aprile alle ore 21.10 ed il giorno 14 di aprile alle ore 17:00, lo spettacolo \u201cLa Strana Malattia\u201d per sensibilizzare il pubblico sull\u2019Alzheimer. La compagnia &#8220;Gli Amici di Babouche&#8221; ha gi\u00e0 ottenuto notevoli successi in provincia, [&hellip;]<\/p>\n","protected":false},"author":13744,"featured_media":0,"comment_status":"open","ping_status":"closed","sticky":false,"template":"","format":"standard","meta":{"footnotes":""},"categories":[],"tags":[8361,86109],"class_list":["post-238320","post","type-post","status-publish","format-standard","hentry","tag-alzheimer","tag-finalborgo","post_cat_citta-andora","post_cat_citta-finale-ligure"],"amp_validity":null,"amp_enabled":true,"_links":{"self":[{"href":"https:\/\/staging.ivg.it\/ediapi\/wp\/v2\/posts\/238320","targetHints":{"allow":["GET"]}}],"collection":[{"href":"https:\/\/staging.ivg.it\/ediapi\/wp\/v2\/posts"}],"about":[{"href":"https:\/\/staging.ivg.it\/ediapi\/wp\/v2\/types\/post"}],"author":[{"embeddable":true,"href":"https:\/\/staging.ivg.it\/ediapi\/wp\/v2\/users\/13744"}],"replies":[{"embeddable":true,"href":"https:\/\/staging.ivg.it\/ediapi\/wp\/v2\/comments?post=238320"}],"version-history":[{"count":0,"href":"https:\/\/staging.ivg.it\/ediapi\/wp\/v2\/posts\/238320\/revisions"}],"wp:attachment":[{"href":"https:\/\/staging.ivg.it\/ediapi\/wp\/v2\/media?parent=238320"}],"wp:term":[{"taxonomy":"category","embeddable":true,"href":"https:\/\/staging.ivg.it\/ediapi\/wp\/v2\/categories?post=238320"},{"taxonomy":"post_tag","embeddable":true,"href":"https:\/\/staging.ivg.it\/ediapi\/wp\/v2\/tags?post=238320"}],"curies":[{"name":"wp","href":"https:\/\/api.w.org\/{rel}","templated":true}]}}