{"id":237920,"date":"2013-04-02T14:08:58","date_gmt":"2013-04-02T12:08:58","guid":{"rendered":"http:\/\/www.ivg.it\/?p=237920"},"modified":"2013-04-02T14:08:58","modified_gmt":"2013-04-02T12:08:58","slug":"albenga-prosegue-la-manifestazione-fior-dalbenga","status":"publish","type":"post","link":"https:\/\/staging.ivg.it\/2013\/04\/albenga-prosegue-la-manifestazione-fior-dalbenga\/","title":{"rendered":"Albenga prosegue la manifestazione \u201cFior d\u2019Albenga\u201d"},"content":{"rendered":"<p>Proseguiranno sino mercoled\u00ec 1 maggio la manifestazioni \u201cFior d\u2019Albenga\u201d e \u201cCip &#038; Vip\u201d, quest\u2019anno ancora pi\u00f9 ricche, nonch\u00e9 caratterizzate da numerosi eventi collaterali.<\/p>\n<p>Il periodo migliore per scoprire il centro storico di Albenga \u00e8 proprio questo. Riconosciuto come uno dei borghi pi\u00f9 belli d&#8217;italia racchiude al suo interno l&#8217;edificio pi\u00f9 antico della Liguria risalente al 5 secolo dopo Cristo.<\/p>\n<p>La citt\u00e0 di Albenga offre una incantevole passeggiata mare con vista sull&#8217;isola gallinara ma anche un entroterra che offre la possibilit\u00e0 di vivere in mezzo al verde e nella tranquillit\u00e0. Il mercato <a href=\"http:\/\/www.albengaservice.it\/\" target=\"_blank\">immobiliare di Albenga<\/a> negli ultimi anni non ha mostrato segnali di flessione. <\/p>\n<p>Un tripudio di colori e profumi, tra composizioni floreali, mosaici, migliaia di fiori in vaso, mostre-mercato e animazioni. Ad arricchire ulteriormente il giardino fiorito di Albenga, nei due fine settimana che accompagneranno la manifestazione \u201cFior d\u2019Albenga\u201d, far\u00e0 il suo ritorno anche l\u2019attesa nuova edizione di \u201cCip &#038; Vip\u201d (\u201cCuochi in Piazza e Verdure in Piazza\u201d), vera celebrazione dell\u2019eccellenza ingauna, iniziativa annuale mirata a promuovere i celebri \u201cquattro d\u2019Albenga\u201d, i prodotti tipici carciofo spinoso, asparago violetto, zucchina trombetta e pomodoro cuore di bue. Un evento reso possibile dalla collaborazione dei commercianti e dei ristoratori del territorio.<\/p>\n","protected":false},"excerpt":{"rendered":"<p>Proseguiranno sino mercoled\u00ec 1 maggio la manifestazioni \u201cFior d\u2019Albenga\u201d e \u201cCip &#038; Vip\u201d, quest\u2019anno ancora pi\u00f9 ricche, nonch\u00e9 caratterizzate da numerosi eventi collaterali. Il periodo migliore per scoprire il centro storico di Albenga \u00e8 proprio questo. Riconosciuto come uno dei borghi pi\u00f9 belli d&#8217;italia racchiude al suo interno l&#8217;edificio pi\u00f9 antico della Liguria risalente al [&hellip;]<\/p>\n","protected":false},"author":13744,"featured_media":0,"comment_status":"open","ping_status":"closed","sticky":false,"template":"","format":"standard","meta":{"footnotes":""},"categories":[],"tags":[85841],"class_list":["post-237920","post","type-post","status-publish","format-standard","hentry","tag-albenga","post_cat_citta-albenga"],"amp_validity":null,"amp_enabled":true,"_links":{"self":[{"href":"https:\/\/staging.ivg.it\/ediapi\/wp\/v2\/posts\/237920","targetHints":{"allow":["GET"]}}],"collection":[{"href":"https:\/\/staging.ivg.it\/ediapi\/wp\/v2\/posts"}],"about":[{"href":"https:\/\/staging.ivg.it\/ediapi\/wp\/v2\/types\/post"}],"author":[{"embeddable":true,"href":"https:\/\/staging.ivg.it\/ediapi\/wp\/v2\/users\/13744"}],"replies":[{"embeddable":true,"href":"https:\/\/staging.ivg.it\/ediapi\/wp\/v2\/comments?post=237920"}],"version-history":[{"count":0,"href":"https:\/\/staging.ivg.it\/ediapi\/wp\/v2\/posts\/237920\/revisions"}],"wp:attachment":[{"href":"https:\/\/staging.ivg.it\/ediapi\/wp\/v2\/media?parent=237920"}],"wp:term":[{"taxonomy":"category","embeddable":true,"href":"https:\/\/staging.ivg.it\/ediapi\/wp\/v2\/categories?post=237920"},{"taxonomy":"post_tag","embeddable":true,"href":"https:\/\/staging.ivg.it\/ediapi\/wp\/v2\/tags?post=237920"}],"curies":[{"name":"wp","href":"https:\/\/api.w.org\/{rel}","templated":true}]}}