{"id":237818,"date":"2013-03-30T11:27:21","date_gmt":"2013-03-30T10:27:21","guid":{"rendered":"http:\/\/www.ivg.it\/?p=237818"},"modified":"2013-03-30T11:27:21","modified_gmt":"2013-03-30T10:27:21","slug":"thats-aromi-a-celle-ligure","status":"publish","type":"post","link":"https:\/\/staging.ivg.it\/2013\/03\/thats-aromi-a-celle-ligure\/","title":{"rendered":"&#8220;That&#8217;s Aromi&#8221; a Celle Ligure"},"content":{"rendered":"<p><strong>Celle L<\/strong>. Domenica 7 aprile nella suggestiva cornice del centro storico, Celle Ligure festeggia la primavera con la prima edizione di &#8220;That&#8217;s Aromi&#8221;, evento che ospita selezionati espositori, che porteranno proposte dedicate a tutti gli amanti della natura e del benessere. Il comune denominatore dell&#8217;evento, organizzato dal Comune di Celle Ligure, in collaborazione con il Consorzio Promotur, sar\u00e0 il vivere sano, attraverso un percorso dove tutti i sensi verranno coinvolti e sollecitati.<\/p>\n<p>Un&#8217;occasione unica per chi vuole conoscere, ammirare ed acquistare profumate piante aromatiche ed officinali, prodotti di cosmesi naturale e alimenti tipici del territorio, alberi da frutto antichi ed arbusti da bacca, ulivi, agrumi e piccoli frutti. Aromi, bellezza e bont\u00e0 del Mediterraneo saranno, quindi, protagonisti di una giornata speciale nel centro storico di Celle. Un viaggio di riscoperta dei sapori veri e autentici delle nostre terre, da percorrere tutti insieme curiosando fra gli stand e partecipando a workshop e conferenze, immersi nell&#8217;atmosfera degli anni &#8217;50, quando Celle era riconosciuta come Vera Gemma del Mediterraneo. <\/p>\n<p>&#8220;That&#8217;s Aromi&#8221; concorre, inoltre, a sostenere l&#8217;identit\u00e0 territoriale e la coltivazione amatoriale  promuovendo la biodiversit\u00e0 con la promozione, in particolare, del mazzetto delle Sette erbe del Prebugguin cellasco, a cui sar\u00e0 dedicata una passeggiata botanica in compagnia di Giovanni Minuto, del Centro Regionale di Sperimentazione e Assistenza Agricola di Albenga e di Simonetta Chiarugi sabato 6, alle ore 10. Nella stessa giornata, il pomeriggio avr\u00e0 come protagonisti i partner del progetto Pyrgi, strategia d&#8217;impresa in settori di nicchia per l&#8217;economia agroindustriale del Mediterraneo, che in sala consiliare presenteranno i risultati del progetto, alcuni prodotti realizzati e proporranno al pubblico esperienze sensoriali e degustazioni, con particolare attenzione al chinotto di Savona.<\/p>\n<p>La giornata di domenica avr\u00e0 molti eventi ad arricchire l&#8217;esposizione: alle ore 11 nello spazio incontri, lo Chef Bruno, insieme agli allievi del CFTA Elio Miretti di Varazze, presenter\u00e0 il workshop di cucina Crespella cellese con Prebuggiun; alle ore 16 in piazza Sisto IV il CEA Riviera del Beigua proporr\u00e0 l&#8217;incontro Nulla si crea, tutto si trasforma per imparare le regole di un corretto compostaggio domestico. Accompagneranno la giornata anche altre iniziative: lezione di Tai chi sulla spiaggia, dimostrazione di preparazione dell&#8217;aperitivo Vera Gemma, workshop di ricamo con i punti della natura e di autoproduzione del sapone, workshop di cucito per creare una gonna anni &#8217;50 a cura di Caterinette. <\/p>\n<p>Per i pi\u00f9 piccoli, in piazza Sisto IV (ore 10\/12 e 14\/18) La piazza delle esperienze naturali nella Citt\u00e0 dei bambini: percorsi sensoriali e laboratori creativi, con differenti fasce d&#8217;et\u00e0, per giocare e conoscere la natura in sintonia con il Manifesto dei Diritti naturali dei bimbi e delle bimbe di G. Zavalloni, a cura di Enza Migliaccio e Alexandra Barone (Asilo N. Aicardi). <\/p>\n<p>Le note dello swing degli anni &#8217;50 faranno da sottofondo all&#8217;evento per tutto il pomeriggio, grazie al concerto del Trio Blue Moon. Non mancheranno shopping tra le vie del paese e men\u00f9 made in Liguria tra i profumi della Riviera. La Protezione Civile proporr\u00e0 stuzzicanti proposte a tema.<\/p>\n","protected":false},"excerpt":{"rendered":"<p>Celle L. Domenica 7 aprile nella suggestiva cornice del centro storico, Celle Ligure festeggia la primavera con la prima edizione di &#8220;That&#8217;s Aromi&#8221;, evento che ospita selezionati espositori, che porteranno proposte dedicate a tutti gli amanti della natura e del benessere. Il comune denominatore dell&#8217;evento, organizzato dal Comune di Celle Ligure, in collaborazione con il [&hellip;]<\/p>\n","protected":false},"author":13744,"featured_media":0,"comment_status":"open","ping_status":"closed","sticky":false,"template":"","format":"standard","meta":{"footnotes":""},"categories":[],"tags":[3541,762,2281],"class_list":["post-237818","post","type-post","status-publish","format-standard","hentry","tag-celle","tag-fiera","tag-mercatini-2","post_cat_citta-celle-ligure"],"amp_validity":null,"amp_enabled":true,"_links":{"self":[{"href":"https:\/\/staging.ivg.it\/ediapi\/wp\/v2\/posts\/237818","targetHints":{"allow":["GET"]}}],"collection":[{"href":"https:\/\/staging.ivg.it\/ediapi\/wp\/v2\/posts"}],"about":[{"href":"https:\/\/staging.ivg.it\/ediapi\/wp\/v2\/types\/post"}],"author":[{"embeddable":true,"href":"https:\/\/staging.ivg.it\/ediapi\/wp\/v2\/users\/13744"}],"replies":[{"embeddable":true,"href":"https:\/\/staging.ivg.it\/ediapi\/wp\/v2\/comments?post=237818"}],"version-history":[{"count":0,"href":"https:\/\/staging.ivg.it\/ediapi\/wp\/v2\/posts\/237818\/revisions"}],"wp:attachment":[{"href":"https:\/\/staging.ivg.it\/ediapi\/wp\/v2\/media?parent=237818"}],"wp:term":[{"taxonomy":"category","embeddable":true,"href":"https:\/\/staging.ivg.it\/ediapi\/wp\/v2\/categories?post=237818"},{"taxonomy":"post_tag","embeddable":true,"href":"https:\/\/staging.ivg.it\/ediapi\/wp\/v2\/tags?post=237818"}],"curies":[{"name":"wp","href":"https:\/\/api.w.org\/{rel}","templated":true}]}}