{"id":237691,"date":"2013-03-28T13:27:13","date_gmt":"2013-03-28T12:27:13","guid":{"rendered":"http:\/\/www.ivg.it\/?p=237691"},"modified":"2013-03-29T08:08:00","modified_gmt":"2013-03-29T07:08:00","slug":"elezioni-alassio-bogliolo-pd-il-pdl-non-e-imbattibile-ma-basta-personalismi-e-apre-a-oliveri-e-zavaroni","status":"publish","type":"post","link":"https:\/\/staging.ivg.it\/2013\/03\/elezioni-alassio-bogliolo-pd-il-pdl-non-e-imbattibile-ma-basta-personalismi-e-apre-a-oliveri-e-zavaroni\/","title":{"rendered":"Elezioni Alassio, Bogliolo (Pd): &#8220;Il Pdl non \u00e8 imbattibile, ma basta personalismi&#8221;. E &#8220;apre&#8221; a Oliveri e Zavaroni"},"content":{"rendered":"<p><strong>Alassio<\/strong>. Ad Alassio \u00e8 il tempo delle grandi manovre in vista delle elezioni di maggio, manovre che spesso rimangono per\u00f2 impantanate in incertezze e nell&#8217;attesa di capire l&#8217;intenzione dei possibili avversari politici.<\/p>\n<p>Mentre il sindaco &#8220;sfiduciato&#8221; Avogadro attende l&#8217;undici aprile per conoscere la decisione del Tar sul suo possibile reintegro, e mentre Angelo Galtieri annuncia la sua candidatura a primo cittadino, Pdl e Pd pensano al da farsi. Il primo, le cui sorti sono in mano al neo commissario Angelo Vaccarezza, sembrerebbe guardare con sempre maggior interesse all&#8217;opzione Galtieri (&#8220;il suo programma \u00e8 compatibile con il nostro&#8221; ha detto), mentre il secondo sembra diviso su una possibile corsa solitaria oppure all&#8217;interno di una lista civica in grado di sconfoggere il centro destra, da sempre molto forte ad Alassio.<\/p>\n<p>&#8220;Abbiamo dimostrato che \u00e8 possibile vincere anche qui contro il Pdl &#8211; esordisce Domenico Bogliolo, esponente del Pd che, nelle ultime amministrative, ha appoggiato la candidatura di Avogadro &#8211; L&#8217;esperienza di questi ultimi anni e il crollo della giunta non cancellano questo fatto: purtroppo le divergenze che si sono venute a creare con l&#8217;ex primo cittadino hanno portato a una caduta prematura, ma rimane la possibilit\u00e0 di sconfiggere nuovamente il centro destra&#8221;.<\/p>\n<p>Pi\u00f9 difficile, per\u00f2, \u00e8 capire come. &#8220;Con una corsa solitaria, per la quale avremmo un nome molto forte, ma che non voglio rivelare &#8211; continua Bogliolo &#8211; oppure con alleanze che, ovviamente, escludono Marco Melgrati e Roberto Avogadro: il primo per ragioni &#8216;storiche&#8217;, il secondo vista la fallimentare esperienza. Con gli altri, compreso Galtieri, si pu\u00f2 imbastire un discorso per una lista civica in grado di sconfiggere gli avversari: ovviamente se ci frammentiamo questa opzione diventa pi\u00f9 difficile&#8221;.<\/p>\n<p>&#8220;C&#8217;\u00e8 purtroppo un problema legato a personalismi, al punto tale che io stesso sono in dubbio se candidarmi in un&#8217;eventuale lista &#8211; prosegue l&#8217;esponente Pd &#8211; L&#8217;esperienza con Avogadro mi ha molto deluso: quando passo davanti al molo di Alassio e penso al fatto che fossimo ormai pronti a iniziare i lavori a marzo e concluderli a luglio, sento una grande delusione. Eravamo in ritardo con l&#8217;opera, \u00e8 vero, ma l&#8217;avremmo realizzata per l&#8217;estate&#8221;.<\/p>\n<p>E, sui nomi papabili per il candiodato sindaco del Pd, che spaziano dall&#8217;ex responsabile dell&#8217;Ufficio turismo del Comune Piera Oliveri (gradita anche al neonato movimento dei &#8220;Giovani alassini&#8221;) al giornalista Daniele La Corte, Bogliolo commenta: &#8220;Escludo l&#8217;ipotesi La Corte &#8211; dice &#8211; Oliveri, invece, \u00e8 una persona che stimo molto e credo potrebbe essere un nome vincente. Cos\u00ec come apprezzo il lavoro svolto negli anni di Loretta Zavaroni&#8221;. <\/p>\n","protected":false},"excerpt":{"rendered":"<p>Alassio. Ad Alassio \u00e8 il tempo delle grandi manovre in vista delle elezioni di maggio, manovre che spesso rimangono per\u00f2 impantanate in incertezze e nell&#8217;attesa di capire l&#8217;intenzione dei possibili avversari politici. Mentre il sindaco &#8220;sfiduciato&#8221; Avogadro attende l&#8217;undici aprile per conoscere la decisione del Tar sul suo possibile reintegro, e mentre Angelo Galtieri annuncia [&hellip;]<\/p>\n","protected":false},"author":2620,"featured_media":0,"comment_status":"open","ping_status":"closed","sticky":false,"template":"","format":"standard","meta":{"footnotes":""},"categories":[31],"tags":[85824,21925,43856,31202,197],"class_list":["post-237691","post","type-post","status-publish","format-standard","hentry","category-politica","tag-alassio","tag-domenico-bogliolo","tag-elezioni-2013","tag-elezioni-alassio","tag-pd","post_cat_citta-alassio"],"amp_validity":null,"amp_enabled":true,"_links":{"self":[{"href":"https:\/\/staging.ivg.it\/ediapi\/wp\/v2\/posts\/237691","targetHints":{"allow":["GET"]}}],"collection":[{"href":"https:\/\/staging.ivg.it\/ediapi\/wp\/v2\/posts"}],"about":[{"href":"https:\/\/staging.ivg.it\/ediapi\/wp\/v2\/types\/post"}],"author":[{"embeddable":true,"href":"https:\/\/staging.ivg.it\/ediapi\/wp\/v2\/users\/2620"}],"replies":[{"embeddable":true,"href":"https:\/\/staging.ivg.it\/ediapi\/wp\/v2\/comments?post=237691"}],"version-history":[{"count":0,"href":"https:\/\/staging.ivg.it\/ediapi\/wp\/v2\/posts\/237691\/revisions"}],"wp:attachment":[{"href":"https:\/\/staging.ivg.it\/ediapi\/wp\/v2\/media?parent=237691"}],"wp:term":[{"taxonomy":"category","embeddable":true,"href":"https:\/\/staging.ivg.it\/ediapi\/wp\/v2\/categories?post=237691"},{"taxonomy":"post_tag","embeddable":true,"href":"https:\/\/staging.ivg.it\/ediapi\/wp\/v2\/tags?post=237691"}],"curies":[{"name":"wp","href":"https:\/\/api.w.org\/{rel}","templated":true}]}}