{"id":237639,"date":"2013-03-27T18:13:24","date_gmt":"2013-03-27T17:13:24","guid":{"rendered":"http:\/\/www.ivg.it\/?p=237639"},"modified":"2013-03-28T10:51:08","modified_gmt":"2013-03-28T09:51:08","slug":"vado-dopo-lincendio-tempi-record-per-il-ripristino-dei-bagni-karibu","status":"publish","type":"post","link":"https:\/\/staging.ivg.it\/2013\/03\/vado-dopo-lincendio-tempi-record-per-il-ripristino-dei-bagni-karibu\/","title":{"rendered":"Vado, dopo l&#8217;incendio tempi record per il ripristino dei bagni Karibu"},"content":{"rendered":"<p><strong>Vado L. <\/strong>Come promesso dal proprietario del locale, Davide Quattrocchio, il ristorante pizzeria Bagni Karibu riapre dopo aver riparato i danni causati dall&#8217;incendio di due settimane fa che aveva distrutto parte degli arredi. <\/p>\n<p>&#8220;Come avevo annunciato subito dopo aver preso visione dei danni causati dalle fiamme siamo riusciti a non rimandare l&#8217;apertura. Abbiamo lavorato giorno e notte per raggiungere questo incredibile risultato, la mia  attenzione \u00e8 stata sempre rivolta alla risoluzione dei problemi che l&#8217;incendio aveva causato e non ho mai avuto dubbi sulla riuscita dell&#8217;impresa che definire titanica sarebbe dire poco&#8221;. <\/p>\n<p>&#8220;Voglio ringraziare tutti coloro che hanno reso possibile questo miracolo e in particolar modo i miei cari amici Raul e Rita senza i quali sicuramente tutto ci\u00f2 non sarebbe stato possibile. Speriamo ora che la comunit\u00e0 premi i nostri sforzi facendoci visita ancora pi\u00f9 spesso&#8221;.<\/p>\n","protected":false},"excerpt":{"rendered":"<p>Vado L. Come promesso dal proprietario del locale, Davide Quattrocchio, il ristorante pizzeria Bagni Karibu riapre dopo aver riparato i danni causati dall&#8217;incendio di due settimane fa che aveva distrutto parte degli arredi. &#8220;Come avevo annunciato subito dopo aver preso visione dei danni causati dalle fiamme siamo riusciti a non rimandare l&#8217;apertura. Abbiamo lavorato giorno [&hellip;]<\/p>\n","protected":false},"author":13744,"featured_media":0,"comment_status":"open","ping_status":"closed","sticky":false,"template":"","format":"standard","meta":{"footnotes":""},"categories":[34],"tags":[423,261],"class_list":["post-237639","post","type-post","status-publish","format-standard","hentry","category-cronaca","tag-incendio","tag-vado","post_cat_citta-andora","post_cat_citta-vado-ligure"],"amp_validity":null,"amp_enabled":true,"_links":{"self":[{"href":"https:\/\/staging.ivg.it\/ediapi\/wp\/v2\/posts\/237639","targetHints":{"allow":["GET"]}}],"collection":[{"href":"https:\/\/staging.ivg.it\/ediapi\/wp\/v2\/posts"}],"about":[{"href":"https:\/\/staging.ivg.it\/ediapi\/wp\/v2\/types\/post"}],"author":[{"embeddable":true,"href":"https:\/\/staging.ivg.it\/ediapi\/wp\/v2\/users\/13744"}],"replies":[{"embeddable":true,"href":"https:\/\/staging.ivg.it\/ediapi\/wp\/v2\/comments?post=237639"}],"version-history":[{"count":0,"href":"https:\/\/staging.ivg.it\/ediapi\/wp\/v2\/posts\/237639\/revisions"}],"wp:attachment":[{"href":"https:\/\/staging.ivg.it\/ediapi\/wp\/v2\/media?parent=237639"}],"wp:term":[{"taxonomy":"category","embeddable":true,"href":"https:\/\/staging.ivg.it\/ediapi\/wp\/v2\/categories?post=237639"},{"taxonomy":"post_tag","embeddable":true,"href":"https:\/\/staging.ivg.it\/ediapi\/wp\/v2\/tags?post=237639"}],"curies":[{"name":"wp","href":"https:\/\/api.w.org\/{rel}","templated":true}]}}