{"id":237471,"date":"2013-03-25T15:56:17","date_gmt":"2013-03-25T14:56:17","guid":{"rendered":"http:\/\/www.ivg.it\/?p=237471"},"modified":"2013-03-26T09:53:58","modified_gmt":"2013-03-26T08:53:58","slug":"morte-di-paolo-ponzo-inarrestabili-le-testimonianze-di-lutto-inchiesta-della-procura-disposta-autopsia","status":"publish","type":"post","link":"https:\/\/staging.ivg.it\/2013\/03\/morte-di-paolo-ponzo-inarrestabili-le-testimonianze-di-lutto-inchiesta-della-procura-disposta-autopsia\/","title":{"rendered":"Paolo Ponzo, inarrestabili le testimonianze di lutto. Inchiesta per omicidio colposo contro ignoti"},"content":{"rendered":"<p><strong>Savona<\/strong>. Il sito ufficiale del Savona Calcio si apre con una schermata nera che incornicia la foto di Paolo Ponzo. Non c&#8217;\u00e8 bisogno di parole di saluto, quell&#8217;immagine immortala il calciatore 41enne in uno dei tanti gesti atletici sul campo, indossando la maglia con i colori della squadra della torretta. <\/p>\n<p>Squadra di cui \u00e8 stato il capitano e per la quale, ora, Paolo si occupava del settore giovanile e delle promesse del Savona Calcio di domani. Un domani che i biancobl\u00f9 vedono improvvisamente pi\u00f9 nero, con una scomparsa difficile da accettare.<\/p>\n<p>Paolo Ponzo se n&#8217;\u00e8 andato correndo, anche se non dietro ad un pallone. E ora rimangono i ricordi di chi lo ha conosciuto e amato. A riempirsi di parole digitate sull&#8217;onda dell&#8217;emozione \u00e8 il blog dei tifosi savonesi. Qui si susseguono foto e ricordi di amici e colleghi.<\/p>\n<p>&#8220;Una mazzata, stentavo a crederci, quando mi hanno telefonato da Savona pensavo ad uno scherzo di pessimo gusto, e invece poi&#8230; &#8211; sono le parole di Salvatore Iacolino &#8211; Sono stravolto, non so che dire. Lui era l&#8217;emblema della mia squadra, io allenavo fuori, e lui sul campo. Un atleta e un professionista esemplare. Quando avevo Paolo in campo ero tranquillo, un uomo d&#8217;ordine, serio, corretto e scrupoloso. Di lui mi stupiva che nonostante curriculum e storia era il primo ad arrivare all&#8217;allenamento e l&#8217;ultimo ad andare via, un esempio per i giovani&#8221;. <\/p>\n<p>Un&#8217;altra punta, che ha conosciuto bene Paolo \u00e8 Carmine Marazzo: &#8220;Ieri sera stavo per uscire a festeggiare con i miei compagni, squilla il telefono e mi avvisano dell&#8217;accaduto. Resto di stucco, muto, incredulo. Paolo era una persona straordinaria, quasi avulso da questo mondo del pallone, corretto, onesto, non credo che Paolino avesse nemici&#8230;e credetemi in questo mondo \u00e8 facile farsene. Anch&#8217;io ricordo di quando a Forl\u00ec in albergo ci consegn\u00f2 una lettera che ripercorse le varie fasi di quella splendida stagione, dall&#8217;inizio alla fine. Anche per me \u00e8 come aver perso un famigliare. Un abbraccio alla famiglia, e un pensiero ai suoi bimbi&#8221;.<\/p>\n<p>Anche Gennaro Ruotolo, ex allenatore del Savona Calcio, esprime il suo cordoglio: &#8220;Sono stato avvisato solo stamane, e non mi capacito. Paolo era un grande professionista, un esempio per i giovani. Ricordo che anche quando stava fuori non smetteva un attimo di incitare i compagni in campo. Un leader. Mancher\u00e0 al mondo del calcio un esempio di seriet\u00e0 e correttezza come lui&#8221;.<\/p>\n<p>La Procura di Savona ha aperto un&#8217;inchiesta, coordinata dal pm Chiara Maria Paolucci, per omicidio colposo contro ignoti. Sulla salma dell&#8217;atleta \u00e8 stata disposta l&#8217;autopsia. Con l&#8217;inchiesta della magistratura si vogliono accertare se vi siano o meno eventuali responsabilit\u00e0 da parte di terzi nella morte dell&#8217;ex giocatore e quindi ricostruire tutta la fase dei soccorsi, da quando Ponzo si \u00e8 sentito male al trasferimento all&#8217;ospedale Santa Corona. Questa sera si svolger\u00e0 il rosario nell&#8217;ospedale pietrese, alle ore 19, e domani a Bardineto alle 20. <\/p>\n","protected":false},"excerpt":{"rendered":"<p>Savona. Il sito ufficiale del Savona Calcio si apre con una schermata nera che incornicia la foto di Paolo Ponzo. Non c&#8217;\u00e8 bisogno di parole di saluto, quell&#8217;immagine immortala il calciatore 41enne in uno dei tanti gesti atletici sul campo, indossando la maglia con i colori della squadra della torretta. Squadra di cui \u00e8 stato [&hellip;]<\/p>\n","protected":false},"author":13744,"featured_media":0,"comment_status":"open","ping_status":"closed","sticky":false,"template":"","format":"standard","meta":{"footnotes":""},"categories":[34,32],"tags":[161,85827,20977,10884,85952],"class_list":["post-237471","post","type-post","status-publish","format-standard","hentry","category-cronaca","category-sport","tag-borghetto","tag-loano","tag-maremontana","tag-paolo-ponzo","tag-toirano","post_cat_citta-loano","post_cat_citta-toirano"],"amp_validity":null,"amp_enabled":true,"_links":{"self":[{"href":"https:\/\/staging.ivg.it\/ediapi\/wp\/v2\/posts\/237471","targetHints":{"allow":["GET"]}}],"collection":[{"href":"https:\/\/staging.ivg.it\/ediapi\/wp\/v2\/posts"}],"about":[{"href":"https:\/\/staging.ivg.it\/ediapi\/wp\/v2\/types\/post"}],"author":[{"embeddable":true,"href":"https:\/\/staging.ivg.it\/ediapi\/wp\/v2\/users\/13744"}],"replies":[{"embeddable":true,"href":"https:\/\/staging.ivg.it\/ediapi\/wp\/v2\/comments?post=237471"}],"version-history":[{"count":0,"href":"https:\/\/staging.ivg.it\/ediapi\/wp\/v2\/posts\/237471\/revisions"}],"wp:attachment":[{"href":"https:\/\/staging.ivg.it\/ediapi\/wp\/v2\/media?parent=237471"}],"wp:term":[{"taxonomy":"category","embeddable":true,"href":"https:\/\/staging.ivg.it\/ediapi\/wp\/v2\/categories?post=237471"},{"taxonomy":"post_tag","embeddable":true,"href":"https:\/\/staging.ivg.it\/ediapi\/wp\/v2\/tags?post=237471"}],"curies":[{"name":"wp","href":"https:\/\/api.w.org\/{rel}","templated":true}]}}