{"id":237448,"date":"2013-03-25T12:11:08","date_gmt":"2013-03-25T11:11:08","guid":{"rendered":"http:\/\/www.ivg.it\/?p=237448"},"modified":"2013-03-25T16:05:59","modified_gmt":"2013-03-25T15:05:59","slug":"faccia-a-faccia-tp-comuni-i-sindaci-caviglia-e-ferrando-volonta-di-parlarsi-ma-i-ricorsi-restano","status":"publish","type":"post","link":"https:\/\/staging.ivg.it\/2013\/03\/faccia-a-faccia-tp-comuni-i-sindaci-caviglia-e-ferrando-volonta-di-parlarsi-ma-i-ricorsi-restano\/","title":{"rendered":"Faccia a faccia Tp-Comuni, i sindaci Caviglia e Ferrando: &#8220;Volont\u00e0 di parlarsi, ma i ricorsi restano&#8221;"},"content":{"rendered":"<p><strong>Vado\/Quiliano<\/strong>. Tutti concordi nel definirlo un &#8220;confronto positivo&#8221;, ma le posizioni rimangono le stesse e sono quelle che oppongono i Comuni di Vado Ligure e Quiliano a Tirreno Power che, sotto la &#8220;spada di Damocle&#8221; del nuovo ricorso al Tar, non esclude di rinunciare al maxi investimento da 1,2 miliardi di euro. La riunione si \u00e8 svolta fra i capigruppo dei due enti e una delegazione dell&#8217;azienda energetica con il Ceo di Tp, Giovanni Gosio.<\/p>\n<p>Spiega il sindaco vadese Attilio Caviglia: &#8220;E&#8217; stata una conferenza congiunta dei capigruppo con domande molto interranti e altrettante risposto. Il confronto porta ciascuno a formulare riflessioni. Le posizioni dei Comuni e di Tirreno Power sono le stesse. Non mi sembra ci siano cambiamenti. Almeno la volont\u00e0 di parlare c&#8217;\u00e8&#8221;.<\/p>\n<p>&#8220;Un&#8217;amministrazione &#8211; prosegue il cittadino vadese &#8211; \u00e8 fatta delle deliberazioni collegiali, non di riunioni segrete o di chiss\u00e0 quali sotterfugi. Anche questa \u00e8 stata una riunione con contenuti aperti. Quando un Comune si esprime lo fa sempre pubblicamente e a quel punto le carte vengono fuori. Lo dico ai cittadini di Vado: non si spaventino se la giunta incontra gli uni o gli altri, perch\u00e9 si tratta di momenti di dialogo. Le decisioni vengono con gli atti pubblici&#8221;.<\/p>\n<p>Il sindaco di Quiliano, Alberto Ferrando, commenta: &#8220;Il confronto si \u00e8 svolto in un clima sereno, dove i Comuni hanno ribadito le proprie posizioni e l&#8217;azienda ha evidenziato i punti sulla sostenibilit\u00e0 del progetto. Ci sono comunque i ricorsi e, ovviamente, un tavolo non risponde ai ricorsi. I ricorsi non verranno ritirati&#8221;.<\/p>\n<p>&#8220;Questo \u00e8 un processo di dialogo positivo, che non deve rispondere solo ai ragionamenti economici dell&#8217;azienda, che non ci competono. Si deve ragionare sul bilancio economico dell&#8217;intero territorio, coinvolgendo tutte le realt\u00e0&#8221; conclude Ferrando.<\/p>\n","protected":false},"excerpt":{"rendered":"<p>Vado\/Quiliano. Tutti concordi nel definirlo un &#8220;confronto positivo&#8221;, ma le posizioni rimangono le stesse e sono quelle che oppongono i Comuni di Vado Ligure e Quiliano a Tirreno Power che, sotto la &#8220;spada di Damocle&#8221; del nuovo ricorso al Tar, non esclude di rinunciare al maxi investimento da 1,2 miliardi di euro. La riunione si [&hellip;]<\/p>\n","protected":false},"author":13744,"featured_media":0,"comment_status":"open","ping_status":"closed","sticky":false,"template":"","format":"standard","meta":{"footnotes":""},"categories":[35,31],"tags":[10202,1285,1817,85860,3931,261],"class_list":["post-237448","post","type-post","status-publish","format-standard","hentry","category-economia","category-politica","tag-attilio-caviglia","tag-energia","tag-industria","tag-quiliano","tag-tirreno-power","tag-vado","post_cat_citta-quiliano","post_cat_citta-savona","post_cat_citta-vado-ligure"],"amp_validity":null,"amp_enabled":true,"_links":{"self":[{"href":"https:\/\/staging.ivg.it\/ediapi\/wp\/v2\/posts\/237448","targetHints":{"allow":["GET"]}}],"collection":[{"href":"https:\/\/staging.ivg.it\/ediapi\/wp\/v2\/posts"}],"about":[{"href":"https:\/\/staging.ivg.it\/ediapi\/wp\/v2\/types\/post"}],"author":[{"embeddable":true,"href":"https:\/\/staging.ivg.it\/ediapi\/wp\/v2\/users\/13744"}],"replies":[{"embeddable":true,"href":"https:\/\/staging.ivg.it\/ediapi\/wp\/v2\/comments?post=237448"}],"version-history":[{"count":0,"href":"https:\/\/staging.ivg.it\/ediapi\/wp\/v2\/posts\/237448\/revisions"}],"wp:attachment":[{"href":"https:\/\/staging.ivg.it\/ediapi\/wp\/v2\/media?parent=237448"}],"wp:term":[{"taxonomy":"category","embeddable":true,"href":"https:\/\/staging.ivg.it\/ediapi\/wp\/v2\/categories?post=237448"},{"taxonomy":"post_tag","embeddable":true,"href":"https:\/\/staging.ivg.it\/ediapi\/wp\/v2\/tags?post=237448"}],"curies":[{"name":"wp","href":"https:\/\/api.w.org\/{rel}","templated":true}]}}