{"id":237299,"date":"2013-03-22T12:50:42","date_gmt":"2013-03-22T11:50:42","guid":{"rendered":"http:\/\/www.ivg.it\/?p=237299"},"modified":"2013-03-22T17:18:15","modified_gmt":"2013-03-22T16:18:15","slug":"frana-tra-calice-e-carbuta-rassicurazioni-dalla-provincia-pronti-ad-intervenire-meteo-permettendo","status":"publish","type":"post","link":"https:\/\/staging.ivg.it\/2013\/03\/frana-tra-calice-e-carbuta-rassicurazioni-dalla-provincia-pronti-ad-intervenire-meteo-permettendo\/","title":{"rendered":"Frana tra Calice e Carbuta, rassicurazioni dalla Provincia: &#8220;Pronti ad intervenire, meteo permettendo&#8221;"},"content":{"rendered":"<p><strong>Calice L<\/strong>. Qualche rassicurazione a proposito della situazione che si trovano a dover affrontare gli abitanti di Calice Ligure e Carbuta a seguito della frana del 7 marzo scorso, arriva dalla Provincia di Savona che si dice pronta ad intervenire, meteo permettendo.<\/p>\n<p>&#8220;Stiamo lavorando su due fronti: reperire i fondi, dal momento che sar\u00e0 necessario un investimento da 900 mila euro, e dare al pi\u00f9 presto il senso unico alternato lungo la Sp 23 &#8211; fa sapere il presidente della Provincia, Angelo Vaccarezza &#8211; Il sopralluogo di ieri ci dice che saranno necessari alcuni giorni senza pioggia prima di procedere. Purtroppo il meteo fino adesso non ci ha aiutati. Sono necessari almeno 7 giorni di asciutto&#8221;. <\/p>\n<p>&#8220;La Provincia ha gi\u00e0 stanziato i fondi necessari per l&#8217;inizio dei lavori, circa 30 mila euro, e individuato l&#8217;operatore per intervenire &#8211; aggiunge l&#8217;assessore provinciale Roberto Schneck &#8211; Il problema \u00e8 che questo \u00e8 un terreno argilloso che, imbevuto d&#8217;acqua, d\u00e0 l&#8217;effetto del fango: visto che qui bisogna bisogna lavorare sul &#8216;piede&#8217; della frana con la ruspa, il rischio \u00e8 che la terra umida continui a cadere gi\u00f9. Noi siamo pronti, ma il meteo ci deve dare una mano&#8221;.<\/p>\n","protected":false},"excerpt":{"rendered":"<p>Calice L. Qualche rassicurazione a proposito della situazione che si trovano a dover affrontare gli abitanti di Calice Ligure e Carbuta a seguito della frana del 7 marzo scorso, arriva dalla Provincia di Savona che si dice pronta ad intervenire, meteo permettendo. &#8220;Stiamo lavorando su due fronti: reperire i fondi, dal momento che sar\u00e0 necessario [&hellip;]<\/p>\n","protected":false},"author":13744,"featured_media":0,"comment_status":"open","ping_status":"closed","sticky":false,"template":"","format":"standard","meta":{"footnotes":""},"categories":[34],"tags":[1000,86164,2838],"class_list":["post-237299","post","type-post","status-publish","format-standard","hentry","category-cronaca","tag-calice","tag-carbuta","tag-frana","post_cat_citta-calice-ligure"],"amp_validity":null,"amp_enabled":true,"_links":{"self":[{"href":"https:\/\/staging.ivg.it\/ediapi\/wp\/v2\/posts\/237299","targetHints":{"allow":["GET"]}}],"collection":[{"href":"https:\/\/staging.ivg.it\/ediapi\/wp\/v2\/posts"}],"about":[{"href":"https:\/\/staging.ivg.it\/ediapi\/wp\/v2\/types\/post"}],"author":[{"embeddable":true,"href":"https:\/\/staging.ivg.it\/ediapi\/wp\/v2\/users\/13744"}],"replies":[{"embeddable":true,"href":"https:\/\/staging.ivg.it\/ediapi\/wp\/v2\/comments?post=237299"}],"version-history":[{"count":0,"href":"https:\/\/staging.ivg.it\/ediapi\/wp\/v2\/posts\/237299\/revisions"}],"wp:attachment":[{"href":"https:\/\/staging.ivg.it\/ediapi\/wp\/v2\/media?parent=237299"}],"wp:term":[{"taxonomy":"category","embeddable":true,"href":"https:\/\/staging.ivg.it\/ediapi\/wp\/v2\/categories?post=237299"},{"taxonomy":"post_tag","embeddable":true,"href":"https:\/\/staging.ivg.it\/ediapi\/wp\/v2\/tags?post=237299"}],"curies":[{"name":"wp","href":"https:\/\/api.w.org\/{rel}","templated":true}]}}