{"id":237298,"date":"2013-03-22T12:37:34","date_gmt":"2013-03-22T11:37:34","guid":{"rendered":"http:\/\/www.ivg.it\/?p=237298"},"modified":"2013-03-23T08:08:41","modified_gmt":"2013-03-23T07:08:41","slug":"frana-tra-calice-e-carbuta-300-persone-isolate-e-attivita-svuotate-lappello-dei-residenti-aprire-presto-la-strada","status":"publish","type":"post","link":"https:\/\/staging.ivg.it\/2013\/03\/frana-tra-calice-e-carbuta-300-persone-isolate-e-attivita-svuotate-lappello-dei-residenti-aprire-presto-la-strada\/","title":{"rendered":"Frana tra Calice e Carbuta, 300 persone isolate e attivit\u00e0 &#8220;svuotate&#8221;. L&#8217;appello dei residenti: &#8220;Aprire presto la strada&#8221;"},"content":{"rendered":"<p><strong>Calice L.<\/strong> Trecento persone praticamente isolate e attivit\u00e0 commerciali che non vedono l&#8217;ombra di un cliente da 7 marzo scorso, giorno in cui una frana ha tagliato in due la strada provinciale 23 tra Calice Ligure e la frazione di Carbuta che, ora, ne paga le conseguenze.<\/p>\n<p>Gli abitanti devono allungare di decine di chilometri i viaggi per andare al lavoro o anche solo per raggiungere il centro del paese, con grande spreco di tempo e denaro (basti pensare al prezzo della benzina). Per non parlare dei negozi e ristoranti della frazione che non incassano praticamente pi\u00f9 niente.<\/p>\n<p>&#8220;Io ho un ristorante nella piazzetta di Carbuta ma, da quando si \u00e8 verificata la frana, ho perso praticamente il 100% dei clienti &#8211; dice il titolare di un&#8217;attivit\u00e0 &#8211; Gli operai che venivano sempre qui ora dovrebbero fare il giro lungo passando da Feglino, e sono 25 km in pi\u00f9 da percorrere per un&#8217;ora di pausa pranzo, per cui non conviene. E anche la sera c&#8217;\u00e8 il vuoto totale. Io sono di Gorra e, per rientrare a casa, devo fare il giro fino a Finalborgo, per 4 volte al giorno. E&#8217; un vero disagio per tutti&#8221;.<\/p>\n<p>&#8220;E&#8217; un grosso spreco di benzina: mia madre che lavora a Calice e, per arrivarci, ora bisogna percorrere ben 40 km tutti i giorni &#8211; dice una residente di Carbuta &#8211; Noi fortunatamente abbiamo due macchine: ne lasciamo una al di qua della frana e una oltre, cos\u00ec sorpassiamo la frana a piedi e prendiamo l&#8217;altro mezzo senza fare tutto il giro. Siamo ridotti ad organizzarci la sera prima calcolando come sprecare meno soldi e tempo possibile per spostarci. Siamo completamente isolati&#8221;.<\/p>\n<p>L&#8217;appello arriva direttamente da Livio Sterla, sindaco di Calice Ligure: &#8220;La frana ha un fronte molto esteso. La situazione \u00e8 grave, 300 persone sono semi-isolate e sono costrette a fare un giro infinito per arrivare al paese. Senza parlare delle difficolt\u00e0 cuii devono far fronte negozi e attivit\u00e0 produttive che hanno sede a Carbuta. Il nostro intento \u00e8 spingere affinch\u00e9 questo intervento venga realizzato al pi\u00f9 presto. Purtroppo il meteo non ci ha aiutato in questi giorni, ha piovuto in continuazione e ci\u00f2 sta pregiudicando la celerit\u00e0 dell&#8217;intervento. E&#8217; ovvio che la sicurezza di chi transita da qui \u00e8 la priorit\u00e0 di tutti&#8221;.<\/p>\n","protected":false},"excerpt":{"rendered":"<p>Calice L. Trecento persone praticamente isolate e attivit\u00e0 commerciali che non vedono l&#8217;ombra di un cliente da 7 marzo scorso, giorno in cui una frana ha tagliato in due la strada provinciale 23 tra Calice Ligure e la frazione di Carbuta che, ora, ne paga le conseguenze. Gli abitanti devono allungare di decine di chilometri [&hellip;]<\/p>\n","protected":false},"author":13744,"featured_media":0,"comment_status":"open","ping_status":"closed","sticky":false,"template":"","format":"standard","meta":{"footnotes":""},"categories":[34],"tags":[1000,86164,2838,18238],"class_list":["post-237298","post","type-post","status-publish","format-standard","hentry","category-cronaca","tag-calice","tag-carbuta","tag-frana","tag-livio-sterla","post_cat_citta-calice-ligure"],"amp_validity":null,"amp_enabled":true,"_links":{"self":[{"href":"https:\/\/staging.ivg.it\/ediapi\/wp\/v2\/posts\/237298","targetHints":{"allow":["GET"]}}],"collection":[{"href":"https:\/\/staging.ivg.it\/ediapi\/wp\/v2\/posts"}],"about":[{"href":"https:\/\/staging.ivg.it\/ediapi\/wp\/v2\/types\/post"}],"author":[{"embeddable":true,"href":"https:\/\/staging.ivg.it\/ediapi\/wp\/v2\/users\/13744"}],"replies":[{"embeddable":true,"href":"https:\/\/staging.ivg.it\/ediapi\/wp\/v2\/comments?post=237298"}],"version-history":[{"count":0,"href":"https:\/\/staging.ivg.it\/ediapi\/wp\/v2\/posts\/237298\/revisions"}],"wp:attachment":[{"href":"https:\/\/staging.ivg.it\/ediapi\/wp\/v2\/media?parent=237298"}],"wp:term":[{"taxonomy":"category","embeddable":true,"href":"https:\/\/staging.ivg.it\/ediapi\/wp\/v2\/categories?post=237298"},{"taxonomy":"post_tag","embeddable":true,"href":"https:\/\/staging.ivg.it\/ediapi\/wp\/v2\/tags?post=237298"}],"curies":[{"name":"wp","href":"https:\/\/api.w.org\/{rel}","templated":true}]}}