{"id":237163,"date":"2013-03-20T18:43:15","date_gmt":"2013-03-20T17:43:15","guid":{"rendered":"http:\/\/www.ivg.it\/?p=237163"},"modified":"2013-03-20T19:05:41","modified_gmt":"2013-03-20T18:05:41","slug":"legge-sui-boschi-liguri-critiche-del-wwf-alla-regione-norma-anticostituzionale","status":"publish","type":"post","link":"https:\/\/staging.ivg.it\/2013\/03\/legge-sui-boschi-liguri-critiche-del-wwf-alla-regione-norma-anticostituzionale\/","title":{"rendered":"Legge sui boschi liguri, critiche del Wwf alla Regione: &#8220;Norma anticostituzionale&#8221;"},"content":{"rendered":"<p><strong>Regione.<\/strong> L\u2019Assemblea Generale delle Nazioni Unite ha proclamato il 21 marzo come Giornata Internazionale delle Foreste. A partire dal 2013, questa giornata sar\u00e0 osservata ogni anno per celebrare ed accrescere la consapevolezza dell\u2019importanza delle foreste e degli alberi per la vita sulla terra. L\u2019appuntamento \u00e8 occasione di critica da parte del Wwf nei confronti della Regione ha approvato una modifica alla legge regionale in materia di compensazione forestale \u201cche poco o nulla a che fare con la disposizione nazionale vigente dal 2001\u201d afferma l\u2019associazione.<\/p>\n<p>\u201cUna scadente legge regionale, in campo ambientale (dopo la pletora di testi di deregulation in materia di cave, fauna selvatica, urbanistica, a cui si \u00e8 assistito negli ultimi tempi), stavolta in materia di boschi e foreste e con un ritardo di circa 12 anni dall&#8217;emanazione delle disposizioni di legge nazionale\u201d.<\/p>\n<p>\u201cIl Wwf come osservato durante l&#8217;iter di approvazione, critica i contenuti della legge, in particolare: non vanno limitate le possibilit\u00e0 di rimboschimenti compensativi per interventi edilizi nei boschi. La giunta esclude a priori che la trasformazione, anche con interventi urbanistico-edilizi, del bosco sia assoggettabile ad una compensazione forestale; un decreto legislativo nazionale del 2001 prevede invece che, in caso di trasformazione d&#8217;uso della superficie boscata, questa deve essere compensata da rimboschimenti con specie autoctone, preferibilmente di provenienza locale, su terreni non boscati&#8221;.<\/p>\n<p>\u201cLa Regione Liguria preferisce che tale compensazione avvenga solo con indennizzi economici, ma stabilire che la realizzazione di piste e strade forestali non costituisca mutamento di destinazione d&#8217;uso viola la normativa statale prevista dal Codice dei Beni culturali e del Paesaggio e delle relative norme urbanistico-edilizie-forestali nazionali; \u00e8 assurdo contemplare la possibilit\u00e0 di affidamento del patrimonio forestale di propriet\u00e0 regionale anche ad imprese forestali private. Infatti, il patrimonio forestale regionale deve assolvere a compiti di tutela della biodiversit\u00e0, protezione dei beni naturali, difesa del suolo, fruizione controllata da parte della collettivit\u00e0, e tali obiettivi sembrano incompatibili con le esigenze di profitto di imprese private\u201d. <\/p>\n<p>\u201cAlcune norme contenute nella legge approvata sono incostituzionali. La legge \u00e8 stata approvata da tutti i partiti politici con esclusione dei due consiglieri della Lista Biasotti. Ad esclusione di un emendamento di minore portata, tutti le altre proposte di modifica presentate dalle associazioni di tutela ambientale sono state respinte, in un ottica generale di profitto economico. Ancora una volta le istanze della societ\u00e0 civile sono state completamente ignorate dai nostri politici\u201d conclude il Wwf.<\/p>\n","protected":false},"excerpt":{"rendered":"<p>Regione. L\u2019Assemblea Generale delle Nazioni Unite ha proclamato il 21 marzo come Giornata Internazionale delle Foreste. A partire dal 2013, questa giornata sar\u00e0 osservata ogni anno per celebrare ed accrescere la consapevolezza dell\u2019importanza delle foreste e degli alberi per la vita sulla terra. L\u2019appuntamento \u00e8 occasione di critica da parte del Wwf nei confronti della [&hellip;]<\/p>\n","protected":false},"author":13744,"featured_media":0,"comment_status":"open","ping_status":"closed","sticky":false,"template":"","format":"standard","meta":{"footnotes":""},"categories":[],"tags":[2670,744],"class_list":["post-237163","post","type-post","status-publish","format-standard","hentry","tag-boschi","tag-wwf","post_cat_citta-andora"],"amp_validity":null,"amp_enabled":true,"_links":{"self":[{"href":"https:\/\/staging.ivg.it\/ediapi\/wp\/v2\/posts\/237163","targetHints":{"allow":["GET"]}}],"collection":[{"href":"https:\/\/staging.ivg.it\/ediapi\/wp\/v2\/posts"}],"about":[{"href":"https:\/\/staging.ivg.it\/ediapi\/wp\/v2\/types\/post"}],"author":[{"embeddable":true,"href":"https:\/\/staging.ivg.it\/ediapi\/wp\/v2\/users\/13744"}],"replies":[{"embeddable":true,"href":"https:\/\/staging.ivg.it\/ediapi\/wp\/v2\/comments?post=237163"}],"version-history":[{"count":0,"href":"https:\/\/staging.ivg.it\/ediapi\/wp\/v2\/posts\/237163\/revisions"}],"wp:attachment":[{"href":"https:\/\/staging.ivg.it\/ediapi\/wp\/v2\/media?parent=237163"}],"wp:term":[{"taxonomy":"category","embeddable":true,"href":"https:\/\/staging.ivg.it\/ediapi\/wp\/v2\/categories?post=237163"},{"taxonomy":"post_tag","embeddable":true,"href":"https:\/\/staging.ivg.it\/ediapi\/wp\/v2\/tags?post=237163"}],"curies":[{"name":"wp","href":"https:\/\/api.w.org\/{rel}","templated":true}]}}