{"id":237135,"date":"2013-03-20T15:23:26","date_gmt":"2013-03-20T14:23:26","guid":{"rendered":"http:\/\/www.ivg.it\/?p=237135"},"modified":"2013-03-21T08:03:26","modified_gmt":"2013-03-21T07:03:26","slug":"albisola-i-lavoratori-della-fac-scrivono-alle-istituzioni-la-cassa-integrazione-e-in-scadenza-cosa-ci-accadra","status":"publish","type":"post","link":"https:\/\/staging.ivg.it\/2013\/03\/albisola-i-lavoratori-della-fac-scrivono-alle-istituzioni-la-cassa-integrazione-e-in-scadenza-cosa-ci-accadra\/","title":{"rendered":"Albisola, i lavoratori della Fac scrivono alle istituzioni: &#8220;La cassa integrazione \u00e8 in scadenza. Cosa ci accadr\u00e0?&#8221;"},"content":{"rendered":"<p><strong>Albisola S.<\/strong> Una situazione che non si sblocca, una fiducia nelle istituzioni che si sta logorando pian piano e l&#8217;ombra della mobilit\u00e0 tra appena quattro mesi. Non \u00e8 per nulla semplice la condizione in cui di trovano i lavoratori della Fac, l&#8217;azienda albisolese produttrice di tazzine da caff\u00e8, chiusa per fallimento il 30 luglio scorso e alla ricerca di una rinascita che appare sempre pi\u00f9 difficile.<\/p>\n<p>E&#8217; per questo che un gruppo di cassaintegrati ha deciso di scrivere al sindaco Franco Orsi, alla Provincia di Savona, alla Regione Liguria e alle organizzazioni sindacali per lanciate il proprio &#8220;sos&#8221;. <\/p>\n<p>&#8220;E&#8217; quasi un anno che viviamo a fatica e non sereni per la perdita del posto di lavoro &#8211; scrive il gruppo di lavoratori Fac &#8211; Abbiamo figli da mantenere, affitti mutui e bollette varie da pagare. A dicembre 2012 il nostro sindaco Orsi aveva presentato pubblicamente a tutta la cittadinanza albisolese un piano di salvataggio della nostra azienda, creandoci aspettative e ridandoci un filo di speranza. Questo piano prevedeva la creazione di una societ\u00e0 da parte di una cordata di imprenditori (se fossero riusciti ad acquistare le aree dove \u00e8 insita l&#8217;azienda di propriet\u00e0 di un&#8217;altra societ\u00e0 di nome Alfa) per poter ripartire con la produzione prima che ci scada la cassa integrazione straordinaria il 30 di luglio 2013&#8221;. <\/p>\n<p>&#8220;Abbiamo saputo dai nostri membri dell&#8217;RSU e dai giornali che Alfa \u00e8 disposta a trattare la vendita degli immobili, e questa \u00e8 una notizia che ci ha leggermente confortato, ma la cosa che ci mette ansia e preoccupazione \u00e8 un&#8217;altra: la curatrice fallimentare Serenella Rossano ha fatto sapere che indir\u00e0 un&#8217;asta a fine maggio, inizio giugno &#8211; si legge nella lettera &#8211; La cordata che si dovrebbe costituire in societ\u00e0 (se nel frattempo avr\u00e0 raggiunto un accordo con Alfa), parteciper\u00e0 all&#8217;asta? Se cos\u00ec non fosse, la curatrice come si comporter\u00e0? Ne indir\u00e0 un&#8217;altra? Ci sar\u00e0 uno spazio per un accordo extragiudiziale? Siamo a met\u00e0 marzo e la scadenza della cassa integrazione e solo tra 4 mesi circa Cosa ci accadr\u00e0? Se non si trovano soluzioni velocemente rischiamo di entrare in stato di mobilit\u00e0 e quindi di licenziamento&#8221;.<\/p>\n","protected":false},"excerpt":{"rendered":"<p>Albisola S. Una situazione che non si sblocca, una fiducia nelle istituzioni che si sta logorando pian piano e l&#8217;ombra della mobilit\u00e0 tra appena quattro mesi. Non \u00e8 per nulla semplice la condizione in cui di trovano i lavoratori della Fac, l&#8217;azienda albisolese produttrice di tazzine da caff\u00e8, chiusa per fallimento il 30 luglio scorso [&hellip;]<\/p>\n","protected":false},"author":13744,"featured_media":0,"comment_status":"open","ping_status":"closed","sticky":false,"template":"","format":"standard","meta":{"footnotes":""},"categories":[34,35],"tags":[432,7268],"class_list":["post-237135","post","type-post","status-publish","format-standard","hentry","category-cronaca","category-economia","tag-albisola","tag-fac","post_cat_citta-albisola-superiore"],"amp_validity":null,"amp_enabled":true,"_links":{"self":[{"href":"https:\/\/staging.ivg.it\/ediapi\/wp\/v2\/posts\/237135","targetHints":{"allow":["GET"]}}],"collection":[{"href":"https:\/\/staging.ivg.it\/ediapi\/wp\/v2\/posts"}],"about":[{"href":"https:\/\/staging.ivg.it\/ediapi\/wp\/v2\/types\/post"}],"author":[{"embeddable":true,"href":"https:\/\/staging.ivg.it\/ediapi\/wp\/v2\/users\/13744"}],"replies":[{"embeddable":true,"href":"https:\/\/staging.ivg.it\/ediapi\/wp\/v2\/comments?post=237135"}],"version-history":[{"count":0,"href":"https:\/\/staging.ivg.it\/ediapi\/wp\/v2\/posts\/237135\/revisions"}],"wp:attachment":[{"href":"https:\/\/staging.ivg.it\/ediapi\/wp\/v2\/media?parent=237135"}],"wp:term":[{"taxonomy":"category","embeddable":true,"href":"https:\/\/staging.ivg.it\/ediapi\/wp\/v2\/categories?post=237135"},{"taxonomy":"post_tag","embeddable":true,"href":"https:\/\/staging.ivg.it\/ediapi\/wp\/v2\/tags?post=237135"}],"curies":[{"name":"wp","href":"https:\/\/api.w.org\/{rel}","templated":true}]}}