{"id":237063,"date":"2013-03-19T15:23:05","date_gmt":"2013-03-19T14:23:05","guid":{"rendered":"http:\/\/www.ivg.it\/?p=237063"},"modified":"2013-03-19T19:16:46","modified_gmt":"2013-03-19T18:16:46","slug":"vado-maersk-decreto-ultimo-stanziamento","status":"publish","type":"post","link":"https:\/\/staging.ivg.it\/2013\/03\/vado-maersk-decreto-ultimo-stanziamento\/","title":{"rendered":"Piattaforma Maersk: da Ministero dell&#8217;Economia 25 milioni di stanziamento"},"content":{"rendered":"<p>Vado Ligure. &#8220;Abbiamo avuto poco fa notizia che il Ministero dell&#8217;Economia ha firmato i decreti che riguardano Vado e il ribaltamento a mare e che adesso tornano al Ministero dei Trasporti e delle Infrastrutture&#8221;. Lo ha riferito il governatore regionale Claudio Burlando. Si tratta di 25 milioni di euro per l&#8217;infrastruttura Maersk in costruzione nella rada vadese. <\/p>\n<p>Il presidente ligure, che ha lanciato un appello ai manager pubblici per un&#8217;agenda politica anti-crisi, ha fatto ampio riferimento alla portualit\u00e0. &#8220;Le accise che arrivano allo Stato dai nostri porti sono ingenti, ma potremmo raddoppiarle, triplicarle o pi\u00f9, se fossimo aiutati. E&#8217; una fiscalit\u00e0 che non grava sulle famiglie&#8221; ha detto. <\/p>\n<p>La piattaforma container vedr\u00e0 arrivare anche l&#8217;ultimo &#8220;capitolo&#8221; finanziario che in grado di chiudere il costo dell&#8217;opera. Si tratta di uno stanziamento che si aggiunge ai 125 milioni di copertura, i 51 del decreto Salva Italia e i 20 del Milleproroghe. In ogni caso l&#8217;Autorit\u00e0 Portuale savonese aggiunger\u00e0 una parte mutuabile per completare le infrastrutture di servizio. <\/p>\n<p>Alla fine dell&#8217;anno la piattaforma dovrebbe arrivare al 25% dell&#8217;iter realizzativo, per vedere il proprio completamento all&#8217;inizio del 2017. Il provvedimento dei due Ministeri interviene per recuperare quella parte, che l&#8217;Authority attendeva, di mancata redistribuzione dei fondi per le strutture portuali non realizzate. <\/p>\n","protected":false},"excerpt":{"rendered":"<p>Vado Ligure. &#8220;Abbiamo avuto poco fa notizia che il Ministero dell&#8217;Economia ha firmato i decreti che riguardano Vado e il ribaltamento a mare e che adesso tornano al Ministero dei Trasporti e delle Infrastrutture&#8221;. Lo ha riferito il governatore regionale Claudio Burlando. Si tratta di 25 milioni di euro per l&#8217;infrastruttura Maersk in costruzione nella [&hellip;]<\/p>\n","protected":false},"author":13744,"featured_media":0,"comment_status":"open","ping_status":"closed","sticky":false,"template":"","format":"standard","meta":{"footnotes":""},"categories":[35,31],"tags":[284,760,295,261],"class_list":["post-237063","post","type-post","status-publish","format-standard","hentry","category-economia","category-politica","tag-claudio-burlando","tag-piattaforma","tag-regione","tag-vado","post_cat_citta-savona","post_cat_citta-vado-ligure"],"amp_validity":null,"amp_enabled":true,"_links":{"self":[{"href":"https:\/\/staging.ivg.it\/ediapi\/wp\/v2\/posts\/237063","targetHints":{"allow":["GET"]}}],"collection":[{"href":"https:\/\/staging.ivg.it\/ediapi\/wp\/v2\/posts"}],"about":[{"href":"https:\/\/staging.ivg.it\/ediapi\/wp\/v2\/types\/post"}],"author":[{"embeddable":true,"href":"https:\/\/staging.ivg.it\/ediapi\/wp\/v2\/users\/13744"}],"replies":[{"embeddable":true,"href":"https:\/\/staging.ivg.it\/ediapi\/wp\/v2\/comments?post=237063"}],"version-history":[{"count":0,"href":"https:\/\/staging.ivg.it\/ediapi\/wp\/v2\/posts\/237063\/revisions"}],"wp:attachment":[{"href":"https:\/\/staging.ivg.it\/ediapi\/wp\/v2\/media?parent=237063"}],"wp:term":[{"taxonomy":"category","embeddable":true,"href":"https:\/\/staging.ivg.it\/ediapi\/wp\/v2\/categories?post=237063"},{"taxonomy":"post_tag","embeddable":true,"href":"https:\/\/staging.ivg.it\/ediapi\/wp\/v2\/tags?post=237063"}],"curies":[{"name":"wp","href":"https:\/\/api.w.org\/{rel}","templated":true}]}}