{"id":236995,"date":"2013-03-18T17:47:44","date_gmt":"2013-03-18T16:47:44","guid":{"rendered":"http:\/\/www.ivg.it\/?p=236995"},"modified":"2013-03-18T18:05:42","modified_gmt":"2013-03-18T17:05:42","slug":"viabilita-il-sindaco-di-pontinvrea-strade-dissestate-provincia-senza-fondi","status":"publish","type":"post","link":"https:\/\/staging.ivg.it\/2013\/03\/viabilita-il-sindaco-di-pontinvrea-strade-dissestate-provincia-senza-fondi\/","title":{"rendered":"Viabilit\u00e0, il sindaco di Pontinvrea: &#8220;Strade provinciali dissestate, Provincia senza fondi&#8221;"},"content":{"rendered":"<p><strong>Pontinvrea.<\/strong> \u201cLe strade provinciali sono una situazione drammatica sono di una pericolosit\u00e0 immensa; per chiunque percorra la provinciale che da Sassello porta ad Albisola questo \u00e8 un fatto innegabile. Non sar\u00e0 facile riuscire ad intervenire, visto che a quanto pare le casse dell&#8217;assessorato provinciale sono vuote per questo tipo di interventi. Ancora una volta l&#8217;entroterra paga un prezzo immenso nell&#8217;essere poco rappresentato in Provincia e troppo \u00e8 lasciato in mano a persone che non conoscono bene il territorio e pensano che i problemi della costa siano uguali a quelli dell&#8217;entroterra, mentre invece non \u00e8 cos\u00ec e l&#8217;esempio delle strade \u00e8 lampante perch\u00e9 i danni, in gran parte delle nostre strade, sono causati dall&#8217;erosione dell&#8217;acqua dovuta alla mancanza di manutenzione delle cunette\u201d. Cos\u00ec il sindaco di Pontinvrea Matteo Camicciotoli precisa sulle condizioni delle strade provinciali.<\/p>\n<p>\u201cAvendo sentito la Provincia che confermava la mancanza di fondi per tappare le voragini pericolose, avevo, come Comune di Pontinvrea, acquistato 30 sacchi d&#8217;asfalto e li avevo consegnati agli operai della Provincia che avevano provveduto a tappare immediatamente quei buchi\u201d conclude.<\/p>\n","protected":false},"excerpt":{"rendered":"<p>Pontinvrea. \u201cLe strade provinciali sono una situazione drammatica sono di una pericolosit\u00e0 immensa; per chiunque percorra la provinciale che da Sassello porta ad Albisola questo \u00e8 un fatto innegabile. Non sar\u00e0 facile riuscire ad intervenire, visto che a quanto pare le casse dell&#8217;assessorato provinciale sono vuote per questo tipo di interventi. Ancora una volta l&#8217;entroterra [&hellip;]<\/p>\n","protected":false},"author":13744,"featured_media":0,"comment_status":"open","ping_status":"closed","sticky":false,"template":"","format":"standard","meta":{"footnotes":""},"categories":[],"tags":[432,10419,85942,375,85947],"class_list":["post-236995","post","type-post","status-publish","format-standard","hentry","tag-albisola","tag-matteo-camiciottoli","tag-pontinvrea","tag-provincia","tag-sassello","post_cat_citta-albisola-superiore","post_cat_citta-andora","post_cat_citta-pontinvrea","post_cat_citta-sassello"],"amp_validity":null,"amp_enabled":true,"_links":{"self":[{"href":"https:\/\/staging.ivg.it\/ediapi\/wp\/v2\/posts\/236995","targetHints":{"allow":["GET"]}}],"collection":[{"href":"https:\/\/staging.ivg.it\/ediapi\/wp\/v2\/posts"}],"about":[{"href":"https:\/\/staging.ivg.it\/ediapi\/wp\/v2\/types\/post"}],"author":[{"embeddable":true,"href":"https:\/\/staging.ivg.it\/ediapi\/wp\/v2\/users\/13744"}],"replies":[{"embeddable":true,"href":"https:\/\/staging.ivg.it\/ediapi\/wp\/v2\/comments?post=236995"}],"version-history":[{"count":0,"href":"https:\/\/staging.ivg.it\/ediapi\/wp\/v2\/posts\/236995\/revisions"}],"wp:attachment":[{"href":"https:\/\/staging.ivg.it\/ediapi\/wp\/v2\/media?parent=236995"}],"wp:term":[{"taxonomy":"category","embeddable":true,"href":"https:\/\/staging.ivg.it\/ediapi\/wp\/v2\/categories?post=236995"},{"taxonomy":"post_tag","embeddable":true,"href":"https:\/\/staging.ivg.it\/ediapi\/wp\/v2\/tags?post=236995"}],"curies":[{"name":"wp","href":"https:\/\/api.w.org\/{rel}","templated":true}]}}