{"id":236908,"date":"2013-03-16T16:37:26","date_gmt":"2013-03-16T15:37:26","guid":{"rendered":"http:\/\/www.ivg.it\/?p=236908"},"modified":"2013-03-17T18:10:49","modified_gmt":"2013-03-17T17:10:49","slug":"il-savona-a-bellaria-per-giocarsi-la-prima-di-otto-finali-ecco-i-convocati","status":"publish","type":"post","link":"https:\/\/staging.ivg.it\/2013\/03\/il-savona-a-bellaria-per-giocarsi-la-prima-di-otto-finali-ecco-i-convocati\/","title":{"rendered":"Il Savona a Bellaria per giocarsi la prima di otto &#8220;finali&#8221;: ecco i convocati"},"content":{"rendered":"<p><strong>Savona<\/strong>. Passa da Bellaria, domani, la corsa del Savona Calcio per mantenere il primato nel campionato di Lega Pro Seconda Divisione. Sono venti i giocatori biancoblu partiti questa mattina alle 10 alla volta della Rivera Adriatica dove domani (inizio ore 14,30) si giocher\u00e0 l&#8217;attesissimo match della ventisettesima giornata, la prima delle otto finali che separano dalla fine del torneo di Seconda Divisione.<\/p>\n<p>Tra i giocatori a disposizione di mister Corda non c&#8217;\u00e8 La Rosa, goleador contro il Forl\u00ec, bloccato da un infortunio muscolare, mentre compare Enrico Fantini, che \u00e8 in miglioramento e il cui impiego sar\u00e0 deciso solo all&#8217;ultimo. I problemi maggiori sono a centrocampo: fuori anche lo squalificato Cattaneo e gli infortunati Mazzotti e Molino; dentro il baby Piovano (classe &#8217;93), oltre a Bramati.<\/p>\n<p>Ecco la lista completa dei convocati: Aresti, Gozzi; Marconi, Antonelli, Sentinelli, Taino, Belfiore, Carta; Agazzi, Gentile, Quintavalla, Bramati, Sbravati, Demartis, Gallon, Mannoni; Piovano, Fantini, Scotto, Virdis.<\/p>\n","protected":false},"excerpt":{"rendered":"<p>Savona. Passa da Bellaria, domani, la corsa del Savona Calcio per mantenere il primato nel campionato di Lega Pro Seconda Divisione. Sono venti i giocatori biancoblu partiti questa mattina alle 10 alla volta della Rivera Adriatica dove domani (inizio ore 14,30) si giocher\u00e0 l&#8217;attesissimo match della ventisettesima giornata, la prima delle otto finali che separano [&hellip;]<\/p>\n","protected":false},"author":13744,"featured_media":0,"comment_status":"open","ping_status":"closed","sticky":false,"template":"","format":"standard","meta":{"footnotes":""},"categories":[32],"tags":[85850,86042],"class_list":["post-236908","post","type-post","status-publish","format-standard","hentry","category-sport","tag-savona","tag-savona-calcio","post_cat_citta-savona"],"amp_validity":null,"amp_enabled":true,"_links":{"self":[{"href":"https:\/\/staging.ivg.it\/ediapi\/wp\/v2\/posts\/236908","targetHints":{"allow":["GET"]}}],"collection":[{"href":"https:\/\/staging.ivg.it\/ediapi\/wp\/v2\/posts"}],"about":[{"href":"https:\/\/staging.ivg.it\/ediapi\/wp\/v2\/types\/post"}],"author":[{"embeddable":true,"href":"https:\/\/staging.ivg.it\/ediapi\/wp\/v2\/users\/13744"}],"replies":[{"embeddable":true,"href":"https:\/\/staging.ivg.it\/ediapi\/wp\/v2\/comments?post=236908"}],"version-history":[{"count":0,"href":"https:\/\/staging.ivg.it\/ediapi\/wp\/v2\/posts\/236908\/revisions"}],"wp:attachment":[{"href":"https:\/\/staging.ivg.it\/ediapi\/wp\/v2\/media?parent=236908"}],"wp:term":[{"taxonomy":"category","embeddable":true,"href":"https:\/\/staging.ivg.it\/ediapi\/wp\/v2\/categories?post=236908"},{"taxonomy":"post_tag","embeddable":true,"href":"https:\/\/staging.ivg.it\/ediapi\/wp\/v2\/tags?post=236908"}],"curies":[{"name":"wp","href":"https:\/\/api.w.org\/{rel}","templated":true}]}}