{"id":236630,"date":"2013-03-13T20:20:13","date_gmt":"2013-03-13T19:20:13","guid":{"rendered":"http:\/\/www.ivg.it\/?p=236630"},"modified":"2013-03-14T13:11:35","modified_gmt":"2013-03-14T12:11:35","slug":"bergoglio-nuovo-papa","status":"publish","type":"post","link":"https:\/\/staging.ivg.it\/2013\/03\/bergoglio-nuovo-papa\/","title":{"rendered":"Jorge Mario Bergoglio \u00e8 il nuovo pontefice: Papa Francesco"},"content":{"rendered":"<p>Jorge Mario Bergoglio, gesuita, Arcivescovo di Buenos Aires, \u00e8 il nuovo Papa. Ordinario per i fedeli di rito orientale residenti in Argentina e sprovvisti di Ordinario del proprio rito, \u00e8 nato a Buenos Aires il 17 dicembre 1936. Ha studiato e si \u00e8 diplomato come tecnico chimico, ma poi ha scelto il sacerdozio ed \u00e8 entrato nel seminario di Villa Devoto.<\/p>\n<p>Il 20 maggio 1992 Giovanni Paolo II lo ha nominato Vescovo titolare di Auca e Ausiliare di Buenos Aires. Il 27 giugno dello stesso anno ha ricevuto nella cattedrale di Buenos Aires l&#8217;ordinazione episcopale dalle mani del Cardinale Antonio Quarracino, del Nunzio Apostolico Monsignor Ubaldo Calabresi e del Vescovo di Mercedes-Lujan, Monsignor Emilio Oge&#8217;novich.<\/p>\n<p>Si chiamer\u00e0 Francesco I. I 115 elettori hanno raggiunto un accordo sul prossimo pontefice dopo cinque fumate.<\/p>\n<p>Anche la diocesi savonese \u00e8 in festa. &#8220;La Diocesi di Savona-Noli, il vescovo Vittorio Lupi, il clero e tutti i fedeli, festanti per l\u2019elezione del nuovo Pontefice, pregano per il nuovo Papa Francesco, Jorge Mario Bergoglio, affinch\u00e9 lo Spirito Santo guidi e illumini il suo Ministero&#8221; si legge in una nota.  <\/p>\n","protected":false},"excerpt":{"rendered":"<p>Jorge Mario Bergoglio, gesuita, Arcivescovo di Buenos Aires, \u00e8 il nuovo Papa. Ordinario per i fedeli di rito orientale residenti in Argentina e sprovvisti di Ordinario del proprio rito, \u00e8 nato a Buenos Aires il 17 dicembre 1936. Ha studiato e si \u00e8 diplomato come tecnico chimico, ma poi ha scelto il sacerdozio ed \u00e8 [&hellip;]<\/p>\n","protected":false},"author":13744,"featured_media":0,"comment_status":"open","ping_status":"closed","sticky":false,"template":"","format":"standard","meta":{"footnotes":""},"categories":[56],"tags":[1554,44784,1089,20773,5527],"class_list":["post-236630","post","type-post","status-publish","format-standard","hentry","category-altre","tag-chiesa","tag-conclave","tag-papa","tag-pontefice","tag-vaticano","post_cat_citta-andora"],"amp_validity":null,"amp_enabled":true,"_links":{"self":[{"href":"https:\/\/staging.ivg.it\/ediapi\/wp\/v2\/posts\/236630","targetHints":{"allow":["GET"]}}],"collection":[{"href":"https:\/\/staging.ivg.it\/ediapi\/wp\/v2\/posts"}],"about":[{"href":"https:\/\/staging.ivg.it\/ediapi\/wp\/v2\/types\/post"}],"author":[{"embeddable":true,"href":"https:\/\/staging.ivg.it\/ediapi\/wp\/v2\/users\/13744"}],"replies":[{"embeddable":true,"href":"https:\/\/staging.ivg.it\/ediapi\/wp\/v2\/comments?post=236630"}],"version-history":[{"count":0,"href":"https:\/\/staging.ivg.it\/ediapi\/wp\/v2\/posts\/236630\/revisions"}],"wp:attachment":[{"href":"https:\/\/staging.ivg.it\/ediapi\/wp\/v2\/media?parent=236630"}],"wp:term":[{"taxonomy":"category","embeddable":true,"href":"https:\/\/staging.ivg.it\/ediapi\/wp\/v2\/categories?post=236630"},{"taxonomy":"post_tag","embeddable":true,"href":"https:\/\/staging.ivg.it\/ediapi\/wp\/v2\/tags?post=236630"}],"curies":[{"name":"wp","href":"https:\/\/api.w.org\/{rel}","templated":true}]}}