{"id":236603,"date":"2013-03-13T15:07:43","date_gmt":"2013-03-13T14:07:43","guid":{"rendered":"http:\/\/www.ivg.it\/?p=236603"},"modified":"2013-03-13T18:06:45","modified_gmt":"2013-03-13T17:06:45","slug":"provincia-vaccarezza-trasporto-pubblico","status":"publish","type":"post","link":"https:\/\/staging.ivg.it\/2013\/03\/provincia-vaccarezza-trasporto-pubblico\/","title":{"rendered":"Trasporto pubblico locale, Vaccarezza: &#8220;Speriamo venerd\u00ec in decreto per redistribuzione risorse&#8221;"},"content":{"rendered":"<p><strong>Provincia<\/strong>. &#8220;Evitare le polemiche&#8221;. Questo l&#8217;invito del governatore provinciale Angelo Vaccarezza in tema di trasporto pubblico locale. Oggi il sottosegretario alla Presidenza del Consiglio dei Ministri, Antonio Catrical\u00e0, ha confermato che il governo varer\u00e0 nei prossimi giorni la riassegnazione delle risorse alle Regione. <\/p>\n<p>&#8220;Il 15 in consiglio dei ministri dovrebbe passare la redistribuzione &#8211; sottolinea Vaccarezza &#8211; Pur non nella nostra competenza, abbiamo sempre dato il contributo al trasporto pubblico. E riconosciamo anche al presidente Burlando il suo impegno. Ora speriamo in un cambiamento nel quadro di riferimento&#8221;.<\/p>\n<p>&#8220;Siamo tagliati fuori dalle scelte nazionali. Le Province sono ancora vive ma senza la possibilit\u00e0 di intervenire. La Provincia di Savona ha dimostrato il proprio impegno, con un servizio di qualit\u00e0 e spese pi\u00f9 basse, con scelte che alla fine salvano posti di lavoro e servizi&#8221; conclude Vaccarezza. <\/p>\n<p>Il governatore Burlando oggi ha reso noto anche che, dopo alcune verifiche giuridiche, \u00e8 stato ribadito che le Camere, non appena insediate, potranno affrontare la trattazione dei decreti, e quindi la loro conversione in legge, anche in assenza dell&#8217;atto di fiducia al nuovo governo. <\/p>\n<p>&#8220;Oltre alla pressione sul governo per la conferma dei fondi per la cassa integrazione &#8211; precisa la Regione Liguria &#8211; la conversione di questo decreto \u00e8 uno degli impegni assunti da Burlando sul piano nazionale per affrontare anche la crisi del trasporto pubblico locale&#8221;. <\/p>\n","protected":false},"excerpt":{"rendered":"<p>Provincia. &#8220;Evitare le polemiche&#8221;. Questo l&#8217;invito del governatore provinciale Angelo Vaccarezza in tema di trasporto pubblico locale. Oggi il sottosegretario alla Presidenza del Consiglio dei Ministri, Antonio Catrical\u00e0, ha confermato che il governo varer\u00e0 nei prossimi giorni la riassegnazione delle risorse alle Regione. &#8220;Il 15 in consiglio dei ministri dovrebbe passare la redistribuzione &#8211; sottolinea [&hellip;]<\/p>\n","protected":false},"author":13744,"featured_media":0,"comment_status":"open","ping_status":"closed","sticky":false,"template":"","format":"standard","meta":{"footnotes":""},"categories":[31],"tags":[2317,375,85850,6164],"class_list":["post-236603","post","type-post","status-publish","format-standard","hentry","category-politica","tag-angelo-vaccarezza","tag-provincia","tag-savona","tag-tpl"],"amp_validity":null,"amp_enabled":true,"_links":{"self":[{"href":"https:\/\/staging.ivg.it\/ediapi\/wp\/v2\/posts\/236603","targetHints":{"allow":["GET"]}}],"collection":[{"href":"https:\/\/staging.ivg.it\/ediapi\/wp\/v2\/posts"}],"about":[{"href":"https:\/\/staging.ivg.it\/ediapi\/wp\/v2\/types\/post"}],"author":[{"embeddable":true,"href":"https:\/\/staging.ivg.it\/ediapi\/wp\/v2\/users\/13744"}],"replies":[{"embeddable":true,"href":"https:\/\/staging.ivg.it\/ediapi\/wp\/v2\/comments?post=236603"}],"version-history":[{"count":0,"href":"https:\/\/staging.ivg.it\/ediapi\/wp\/v2\/posts\/236603\/revisions"}],"wp:attachment":[{"href":"https:\/\/staging.ivg.it\/ediapi\/wp\/v2\/media?parent=236603"}],"wp:term":[{"taxonomy":"category","embeddable":true,"href":"https:\/\/staging.ivg.it\/ediapi\/wp\/v2\/categories?post=236603"},{"taxonomy":"post_tag","embeddable":true,"href":"https:\/\/staging.ivg.it\/ediapi\/wp\/v2\/tags?post=236603"}],"curies":[{"name":"wp","href":"https:\/\/api.w.org\/{rel}","templated":true}]}}