{"id":236483,"date":"2013-03-12T13:21:52","date_gmt":"2013-03-12T12:21:52","guid":{"rendered":"http:\/\/www.ivg.it\/?p=236483"},"modified":"2013-03-12T17:36:09","modified_gmt":"2013-03-12T16:36:09","slug":"savona-pedofilia-avvenire-attacca-le-iene-sulle-accuse-al-cardinale-calcagno","status":"publish","type":"post","link":"https:\/\/staging.ivg.it\/2013\/03\/savona-pedofilia-avvenire-attacca-le-iene-sulle-accuse-al-cardinale-calcagno\/","title":{"rendered":"Savona, pedofilia: Avvenire attacca &#8220;Le Iene&#8221; sulle accuse al cardinale Calcagno"},"content":{"rendered":"<p><strong>Savona.<\/strong> \u201cBisogna dire tutto e fare tutto ci\u00f2 che \u00e8 giusto e necessario, collaborando alla giustizia possibile. Ma bisogna proprio dire tutto. Per questo trovo grave e tendenzioso continuare a riproporre mediaticamente come attuali vicende dolorosissime che hanno gi\u00e0&#8217; portato a condanne in sede civile e a sanzioni anche in sede religiosa\u201d. Queste le parole del direttore di Avvenire, Marco Tarquinio, che polemizza oggi con la trasmissione tv &#8216;Le iene&#8217; in merito ai servizi sul caso di Nello Giraudo, \u201cpedofilo e per l\u2019indegnit\u00e0 della sua condotta non pi\u00f9 prete\u201d, dice Tarquinio, e dei tentativi di chiamare in causa presunte omissioni dell&#8217;allora vescovo di Savona Domenico Calcagno, ora cardinale elettore nel Conclave.<\/p>\n<p>Il giornale dei vescovi ricorda di aver affrontato il caso Giraudo in diverse occasioni: \u201cl&#8217;ultima volta il 5 marzo scorso, con un articolo che chiariva ci\u00f2 che un primo servizio delle Iene (raddoppiato domenica scorsa) aveva reso confuso a molti spettatori, e cio\u00e8 che quel caso di intollerabile violenza commessa da un sacerdote quando ne fu chiara la verit\u00e0 e la portata venne finalmente affrontato, anche dall&#8217;allora vescovo Calcagno, con la necessaria fermezza secondo lo stile ecclesiale di &#8216;tolleranza zero&#8217; nei confronti dei pedofili e di solidariet\u00e0 alle vittime voluto da Papa Benedetto\u201d.<\/p>\n<p>A proposito poi di come la Chiesa ha gestito il fenomeno pedofilia, Tarquinio parla di \u201cerrori o tradimenti &#8211; come li ha definiti Papa Ratzinger &#8211; del passato, perch\u00e9&#8217; oggi la Chiesa cattolica \u00e8, grazie a Dio, non solo impegnata come sempre a difesa dei pi\u00f9 piccoli e fragili in ogni contesto e soprattutto in quello dell&#8217;infanzia, ma un passo avanti a ogni altra istituzione laica o religiosa nel perseguire i crimini commessi al proprio interno\u201d. <\/p>\n<p>\u201cCapisco che chi \u00e8 stato vittima di simili indegne violenze possa vivere con ferite che non si chiudono e, perci\u00f2, non riesca a perdonare &#8211; prosegue -, ma non capisco chi fa il mio mestiere e sceglie di raccontare una storia a tesi, anti-cattolica. Credo che tutto questo non serva alla causa della lotta contro l&#8217;abuso sessuale di bambini e<br \/>\nbambine, un misfatto che \u00e8 anche un affare gigantesco\u201d.<\/p>\n<p>\u201cAspetto di vedere le &#8216;Iene&#8217; &#8211; conclude &#8211; dar conto della caccia ai signori della pedofilia resa vana da connivenze e interessi e accompagnata dall&#8217;incredibile disinteresse di troppi mass media\u201d. <\/p>\n","protected":false},"excerpt":{"rendered":"<p>Savona. \u201cBisogna dire tutto e fare tutto ci\u00f2 che \u00e8 giusto e necessario, collaborando alla giustizia possibile. Ma bisogna proprio dire tutto. Per questo trovo grave e tendenzioso continuare a riproporre mediaticamente come attuali vicende dolorosissime che hanno gi\u00e0&#8217; portato a condanne in sede civile e a sanzioni anche in sede religiosa\u201d. Queste le parole [&hellip;]<\/p>\n","protected":false},"author":13744,"featured_media":0,"comment_status":"open","ping_status":"closed","sticky":false,"template":"","format":"standard","meta":{"footnotes":""},"categories":[34],"tags":[7683,2427,85850],"class_list":["post-236483","post","type-post","status-publish","format-standard","hentry","category-cronaca","tag-domenico-calcagno","tag-pedofilia","tag-savona","post_cat_citta-andora","post_cat_citta-savona"],"amp_validity":null,"amp_enabled":true,"_links":{"self":[{"href":"https:\/\/staging.ivg.it\/ediapi\/wp\/v2\/posts\/236483","targetHints":{"allow":["GET"]}}],"collection":[{"href":"https:\/\/staging.ivg.it\/ediapi\/wp\/v2\/posts"}],"about":[{"href":"https:\/\/staging.ivg.it\/ediapi\/wp\/v2\/types\/post"}],"author":[{"embeddable":true,"href":"https:\/\/staging.ivg.it\/ediapi\/wp\/v2\/users\/13744"}],"replies":[{"embeddable":true,"href":"https:\/\/staging.ivg.it\/ediapi\/wp\/v2\/comments?post=236483"}],"version-history":[{"count":0,"href":"https:\/\/staging.ivg.it\/ediapi\/wp\/v2\/posts\/236483\/revisions"}],"wp:attachment":[{"href":"https:\/\/staging.ivg.it\/ediapi\/wp\/v2\/media?parent=236483"}],"wp:term":[{"taxonomy":"category","embeddable":true,"href":"https:\/\/staging.ivg.it\/ediapi\/wp\/v2\/categories?post=236483"},{"taxonomy":"post_tag","embeddable":true,"href":"https:\/\/staging.ivg.it\/ediapi\/wp\/v2\/tags?post=236483"}],"curies":[{"name":"wp","href":"https:\/\/api.w.org\/{rel}","templated":true}]}}