{"id":236315,"date":"2013-03-09T15:42:47","date_gmt":"2013-03-09T14:42:47","guid":{"rendered":"http:\/\/www.ivg.it\/?p=236315"},"modified":"2013-03-09T17:28:50","modified_gmt":"2013-03-09T16:28:50","slug":"trasporto-pubblico-burlando-spendiamo-meno-per-curarci-dovremo-fare-lo-stesso-anche-per-muoverci","status":"publish","type":"post","link":"https:\/\/staging.ivg.it\/2013\/03\/trasporto-pubblico-burlando-spendiamo-meno-per-curarci-dovremo-fare-lo-stesso-anche-per-muoverci\/","title":{"rendered":"Trasporto pubblico, Burlando: &#8220;Spendiamo meno per curarci, dovremo fare lo stesso anche per muoverci&#8221;"},"content":{"rendered":"<p><strong>Regione<\/strong>. &#8220;La Regione, contrariamente ad altri, ha messo tutto quello che doveva&#8221;. Il presidente Claudio Burlando \u00e8 lapidario sulla vicenda trasporti: i soldi non ci sono e l&#8217;ente di piazza De Ferrari non pu\u00f2 investire un centesimo di pi\u00f9 sulla questione.<\/p>\n<p>&#8220;Paghiamo regolarmente i treni &#8211; ha detto oggi a margine dell&#8217;inaugurazione della mostra di Wow! Genova Science Center -, abbiamo messo a disposizione tutto il finanziamento nazionale, pi\u00f9 qualcosa in pi\u00f9 per il servizio, e oltre 30 milioni aggiuntivi di regionali&#8221;.<\/p>\n<p>A giorni, inoltre, la Regione si prepara a sbloccare la legge sui bacini. &#8220;Tre anzich\u00e9 uno &#8211; ha spiegato &#8211; perch\u00e9 il consiglio uno non lo approva, e Comuni e Province non sono d&#8217;accordo, poi cominceremo a lavorare con Amt, Trenitalia e Atp per una maggiore razionalizzazione del servizio e per evitare sovrapposizioni&#8221;.<\/p>\n<p>&#8220;Mi rendo conto che i soldi sono pochi &#8211; ha continuato -, ma quando la sanit\u00e0 perde 160 milioni in un anno e 1200 posti di lavoro \u00e8 difficile che il budget non si contragga anche per il trasporto (5 milioni,<em> ndr<\/em>)&#8221;.<\/p>\n<p>&#8220;Spendiamo molto molto meno per curarci e dovremo fare lo stesso anche per muoverci &#8211; ha poi concluso -. Del resto le Regioni che sono andate avanti come prima, ma senza avere i soldi, sono finite nei guai e noi non vogliamo finire cos\u00ec&#8221;.<\/p>\n","protected":false},"excerpt":{"rendered":"<p>Regione. &#8220;La Regione, contrariamente ad altri, ha messo tutto quello che doveva&#8221;. Il presidente Claudio Burlando \u00e8 lapidario sulla vicenda trasporti: i soldi non ci sono e l&#8217;ente di piazza De Ferrari non pu\u00f2 investire un centesimo di pi\u00f9 sulla questione. &#8220;Paghiamo regolarmente i treni &#8211; ha detto oggi a margine dell&#8217;inaugurazione della mostra di [&hellip;]<\/p>\n","protected":false},"author":13744,"featured_media":0,"comment_status":"open","ping_status":"closed","sticky":false,"template":"","format":"standard","meta":{"footnotes":""},"categories":[35],"tags":[284,595,295,1747],"class_list":["post-236315","post","type-post","status-publish","format-standard","hentry","category-economia","tag-claudio-burlando","tag-crisi","tag-regione","tag-trasporto-pubblico","post_cat_citta-andora"],"amp_validity":null,"amp_enabled":true,"_links":{"self":[{"href":"https:\/\/staging.ivg.it\/ediapi\/wp\/v2\/posts\/236315","targetHints":{"allow":["GET"]}}],"collection":[{"href":"https:\/\/staging.ivg.it\/ediapi\/wp\/v2\/posts"}],"about":[{"href":"https:\/\/staging.ivg.it\/ediapi\/wp\/v2\/types\/post"}],"author":[{"embeddable":true,"href":"https:\/\/staging.ivg.it\/ediapi\/wp\/v2\/users\/13744"}],"replies":[{"embeddable":true,"href":"https:\/\/staging.ivg.it\/ediapi\/wp\/v2\/comments?post=236315"}],"version-history":[{"count":0,"href":"https:\/\/staging.ivg.it\/ediapi\/wp\/v2\/posts\/236315\/revisions"}],"wp:attachment":[{"href":"https:\/\/staging.ivg.it\/ediapi\/wp\/v2\/media?parent=236315"}],"wp:term":[{"taxonomy":"category","embeddable":true,"href":"https:\/\/staging.ivg.it\/ediapi\/wp\/v2\/categories?post=236315"},{"taxonomy":"post_tag","embeddable":true,"href":"https:\/\/staging.ivg.it\/ediapi\/wp\/v2\/tags?post=236315"}],"curies":[{"name":"wp","href":"https:\/\/api.w.org\/{rel}","templated":true}]}}