{"id":236251,"date":"2013-03-08T16:38:33","date_gmt":"2013-03-08T15:38:33","guid":{"rendered":"http:\/\/www.ivg.it\/?p=236251"},"modified":"2013-03-08T16:38:33","modified_gmt":"2013-03-08T15:38:33","slug":"i-cantieri-rallenta-traffico-della-prossima-settimana-2","status":"publish","type":"post","link":"https:\/\/staging.ivg.it\/2013\/03\/i-cantieri-rallenta-traffico-della-prossima-settimana-2\/","title":{"rendered":"I cantieri rallenta-traffico della prossima settimana"},"content":{"rendered":"<p>Ecco i cantieri che, in situazioni particolari, potrebbero creare rallentamenti al traffico sul tratto della A10 Savona\/Confine di Stato.<\/p>\n<p>Direzione Francia (carreggiata Nord): tra Savona e Spotorno &#8211; dal km. 47,6 al km. 49,4 &#8211; riduzione della carreggiata da 2 a 1 corsia per posa cavi Viadotto Celesia. (da luned\u00ec 11 a venerd\u00ec 15); tra Imperia Est ed Imperia Ovest &#8211; dal km. 106,1 al km. 108,1 &#8211; scambio di carreggiata per adeguamento antisismico Viadotto Impero. (da luned\u00ec 11 a domenica 17, anche notturno);tra Imperia Ovest ad Arma di Taggia: dal km. 111,2 al km. 113,7 &#8211; riduzione della carreggiata da 2 a 1 corsia per adeguamento barriere di sicurezza ed installazione by-pass. (da luned\u00ec 11 a domenica 17, anche notturno); dal km. 125,2 al km. 126,8 &#8211; carreggiata a doppio senso causa lavori sulla carreggiata opposta. (da luned\u00ec 11 a mercoled\u00ec 13, anche notturno)<\/p>\n<p>Direzione Genova (carreggiata Sud): tra Arma di Taggia ed Imperia Ovest: dal km. 126,8 al km. 125,2 &#8211; scambio di carreggiata per rifacimento pavimentazione drenante\/fono-assorbente. (da luned\u00ec 11 a mercoled\u00ec 13, anche notturno); dal km. 113,7 al km. 111,6 &#8211; riduzione della carreggiata da 2 a 1 corsia per adeguamento barriere di sicurezza ed installazione by-pass. (da luned\u00ec 11 a domenica 17, anche notturno); tra Imperia Ovest ed Imperia Est &#8211; dal km. 109,6 al km. 106,1 &#8211; carreggiata a doppio senso causa lavori sulla carreggiata opposta. (da luned\u00ec 11 a domenica 17, anche notturno); tra Feglino e Spotorno &#8211; dal km. 55,4 al km. 53,6 &#8211; riduzione della carreggiata da 2 a 1 corsia per rifacimento giunti Viadotto Card\u00e0via. (da luned\u00ec 11 a venerd\u00ec 15, anche notturno).<\/p>\n<p>Ricordiamo che presso la Barriera di Ventimiglia (in entrambe le direzioni), sono in opera i cantieri relativi al rinnovo del piazzale. Si invitano gli utenti a prestare la massima attenzione durante il transito.<\/p>\n","protected":false},"excerpt":{"rendered":"<p>Ecco i cantieri che, in situazioni particolari, potrebbero creare rallentamenti al traffico sul tratto della A10 Savona\/Confine di Stato. Direzione Francia (carreggiata Nord): tra Savona e Spotorno &#8211; dal km. 47,6 al km. 49,4 &#8211; riduzione della carreggiata da 2 a 1 corsia per posa cavi Viadotto Celesia. (da luned\u00ec 11 a venerd\u00ec 15); tra [&hellip;]<\/p>\n","protected":false},"author":13744,"featured_media":0,"comment_status":"open","ping_status":"closed","sticky":false,"template":"","format":"standard","meta":{"footnotes":""},"categories":[],"tags":[789,85850,85863],"class_list":["post-236251","post","type-post","status-publish","format-standard","hentry","tag-a10","tag-savona","tag-spotorno","post_cat_citta-savona","post_cat_citta-spotorno"],"amp_validity":null,"amp_enabled":true,"_links":{"self":[{"href":"https:\/\/staging.ivg.it\/ediapi\/wp\/v2\/posts\/236251","targetHints":{"allow":["GET"]}}],"collection":[{"href":"https:\/\/staging.ivg.it\/ediapi\/wp\/v2\/posts"}],"about":[{"href":"https:\/\/staging.ivg.it\/ediapi\/wp\/v2\/types\/post"}],"author":[{"embeddable":true,"href":"https:\/\/staging.ivg.it\/ediapi\/wp\/v2\/users\/13744"}],"replies":[{"embeddable":true,"href":"https:\/\/staging.ivg.it\/ediapi\/wp\/v2\/comments?post=236251"}],"version-history":[{"count":0,"href":"https:\/\/staging.ivg.it\/ediapi\/wp\/v2\/posts\/236251\/revisions"}],"wp:attachment":[{"href":"https:\/\/staging.ivg.it\/ediapi\/wp\/v2\/media?parent=236251"}],"wp:term":[{"taxonomy":"category","embeddable":true,"href":"https:\/\/staging.ivg.it\/ediapi\/wp\/v2\/categories?post=236251"},{"taxonomy":"post_tag","embeddable":true,"href":"https:\/\/staging.ivg.it\/ediapi\/wp\/v2\/tags?post=236251"}],"curies":[{"name":"wp","href":"https:\/\/api.w.org\/{rel}","templated":true}]}}