{"id":236201,"date":"2013-03-08T08:29:44","date_gmt":"2013-03-08T07:29:44","guid":{"rendered":"http:\/\/www.ivg.it\/?p=236201"},"modified":"2013-03-08T08:29:44","modified_gmt":"2013-03-08T07:29:44","slug":"alassio-avogadro-tenta-di-tornare-in-sella-ricorso-al-tar-rinviato","status":"publish","type":"post","link":"https:\/\/staging.ivg.it\/2013\/03\/alassio-avogadro-tenta-di-tornare-in-sella-ricorso-al-tar-rinviato\/","title":{"rendered":"Alassio, Avogadro tenta di tornare in sella: ricorso al Tar rinviato"},"content":{"rendered":"<p><strong>Alassio<\/strong>. Vizi procedurali sembrano caratterizzare l&#8217;iter che l&#8217;attuale ex sindaco di Alassio, Roberto Avogadro, sta compiendo per tornare alla guida della citt\u00e0. <\/p>\n<p>E&#8217; stato infatti rimandato all\u201911 aprile il suo ricorso al Tar col quale Avogadro contesta il fatto che i tre consiglieri di maggioranza, che lo hanno sfiduciato insieme alla minoranza, abbiano indirizzato le proprie dimissioni solamente a lui e non al consiglio comunale. <\/p>\n<p>Un vizio formale in cui, per\u00f2, \u00e8 incappato lo stesso ex sindaco nella procedura del ricorso che \u00e8 stato notificato solamente alla Prefettura e non all\u2019avvocatura dello Stato, come invece sarebbe stato previsto dalla legge. Di qui il rinvio.<\/p>\n","protected":false},"excerpt":{"rendered":"<p>Alassio. Vizi procedurali sembrano caratterizzare l&#8217;iter che l&#8217;attuale ex sindaco di Alassio, Roberto Avogadro, sta compiendo per tornare alla guida della citt\u00e0. E&#8217; stato infatti rimandato all\u201911 aprile il suo ricorso al Tar col quale Avogadro contesta il fatto che i tre consiglieri di maggioranza, che lo hanno sfiduciato insieme alla minoranza, abbiano indirizzato le [&hellip;]<\/p>\n","protected":false},"author":13744,"featured_media":0,"comment_status":"open","ping_status":"closed","sticky":false,"template":"","format":"standard","meta":{"footnotes":""},"categories":[31],"tags":[85824,2497,4886],"class_list":["post-236201","post","type-post","status-publish","format-standard","hentry","category-politica","tag-alassio","tag-roberto-avogadro","tag-tar","post_cat_citta-alassio"],"amp_validity":null,"amp_enabled":true,"_links":{"self":[{"href":"https:\/\/staging.ivg.it\/ediapi\/wp\/v2\/posts\/236201","targetHints":{"allow":["GET"]}}],"collection":[{"href":"https:\/\/staging.ivg.it\/ediapi\/wp\/v2\/posts"}],"about":[{"href":"https:\/\/staging.ivg.it\/ediapi\/wp\/v2\/types\/post"}],"author":[{"embeddable":true,"href":"https:\/\/staging.ivg.it\/ediapi\/wp\/v2\/users\/13744"}],"replies":[{"embeddable":true,"href":"https:\/\/staging.ivg.it\/ediapi\/wp\/v2\/comments?post=236201"}],"version-history":[{"count":0,"href":"https:\/\/staging.ivg.it\/ediapi\/wp\/v2\/posts\/236201\/revisions"}],"wp:attachment":[{"href":"https:\/\/staging.ivg.it\/ediapi\/wp\/v2\/media?parent=236201"}],"wp:term":[{"taxonomy":"category","embeddable":true,"href":"https:\/\/staging.ivg.it\/ediapi\/wp\/v2\/categories?post=236201"},{"taxonomy":"post_tag","embeddable":true,"href":"https:\/\/staging.ivg.it\/ediapi\/wp\/v2\/tags?post=236201"}],"curies":[{"name":"wp","href":"https:\/\/api.w.org\/{rel}","templated":true}]}}