{"id":236192,"date":"2013-03-07T21:15:34","date_gmt":"2013-03-07T20:15:34","guid":{"rendered":"http:\/\/www.ivg.it\/?p=236192"},"modified":"2013-03-08T10:18:43","modified_gmt":"2013-03-08T09:18:43","slug":"aree-ex-acna-di-cengio-syndial-onoreremo-i-patti-finiremo-bonifica-e-manterremo-occupazione","status":"publish","type":"post","link":"https:\/\/staging.ivg.it\/2013\/03\/aree-ex-acna-di-cengio-syndial-onoreremo-i-patti-finiremo-bonifica-e-manterremo-occupazione\/","title":{"rendered":"Aree ex Acna di Cengio, Syndial : &#8220;Onoreremo i patti: finiremo bonifica e manterremo occupazione&#8221;"},"content":{"rendered":"<p><strong>Regione<\/strong>. Si \u00e8 concluso nel tardo pomeriggio, presso la sede di Filse, nel palazzo della Regione in piazza De Ferrari, l&#8217;atteso vertiche che finalmente ha fatto il punto sulle aree ex Acna, nella fase che precede il rilancio dopo la bonifica. <\/p>\n<p>Mentre la discussione sull&#8217;ammontare del danno ambientale \u00e8 ferma al palo, con la Regione Piemonte e la Liguria ancora distanti dal trovare un accordo, l&#8217;azienda del gruppo Eni oggi ha confermato al Comune di Cengio, alla Provincia di Savona e all&#8217;amministrazione ligure che porter\u00e0 a termine la bonifica e che manterr\u00e0 fede a tutti gli accordi sottoscritti in questi anni.<\/p>\n<p>Top secret il nome delle aziende interessate all&#8217;insediamento, cos\u00ec come ancora sconosciuta \u00e8 la tipologia di impianti che potrebbero essere attivati nella sede dell&#8217;azienda chimica. <\/p>\n<p>L&#8217;assessore Santiago Vacca ha parlato di un vertice positivo: &#8220;Questo \u00e8 stato il primo di una serie di incontri, ma \u00e8 stato importante per ribadire che l&#8217;azienda manterr\u00e0 tutti i patti e, anche una volta terminata la bonifica, verranno mantenuti gli attuali livelli occupazionali. Inoltre Syndial ha garantito che nel momento in cui le manifestazioni di interesse per le aree diventeranno concrete saranno comunque gli enti locali a dare l&#8217;ultima parola per l&#8217;insediamento&#8221;.<\/p>\n","protected":false},"excerpt":{"rendered":"<p>Regione. Si \u00e8 concluso nel tardo pomeriggio, presso la sede di Filse, nel palazzo della Regione in piazza De Ferrari, l&#8217;atteso vertiche che finalmente ha fatto il punto sulle aree ex Acna, nella fase che precede il rilancio dopo la bonifica. Mentre la discussione sull&#8217;ammontare del danno ambientale \u00e8 ferma al palo, con la Regione [&hellip;]<\/p>\n","protected":false},"author":13744,"featured_media":0,"comment_status":"open","ping_status":"closed","sticky":false,"template":"","format":"standard","meta":{"footnotes":""},"categories":[31],"tags":[2934,3483,85897,295,14561],"class_list":["post-236192","post","type-post","status-publish","format-standard","hentry","category-politica","tag-acna","tag-bonifica","tag-cengio","tag-regione","tag-syndial","post_cat_citta-cengio"],"amp_validity":null,"amp_enabled":true,"_links":{"self":[{"href":"https:\/\/staging.ivg.it\/ediapi\/wp\/v2\/posts\/236192","targetHints":{"allow":["GET"]}}],"collection":[{"href":"https:\/\/staging.ivg.it\/ediapi\/wp\/v2\/posts"}],"about":[{"href":"https:\/\/staging.ivg.it\/ediapi\/wp\/v2\/types\/post"}],"author":[{"embeddable":true,"href":"https:\/\/staging.ivg.it\/ediapi\/wp\/v2\/users\/13744"}],"replies":[{"embeddable":true,"href":"https:\/\/staging.ivg.it\/ediapi\/wp\/v2\/comments?post=236192"}],"version-history":[{"count":0,"href":"https:\/\/staging.ivg.it\/ediapi\/wp\/v2\/posts\/236192\/revisions"}],"wp:attachment":[{"href":"https:\/\/staging.ivg.it\/ediapi\/wp\/v2\/media?parent=236192"}],"wp:term":[{"taxonomy":"category","embeddable":true,"href":"https:\/\/staging.ivg.it\/ediapi\/wp\/v2\/categories?post=236192"},{"taxonomy":"post_tag","embeddable":true,"href":"https:\/\/staging.ivg.it\/ediapi\/wp\/v2\/tags?post=236192"}],"curies":[{"name":"wp","href":"https:\/\/api.w.org\/{rel}","templated":true}]}}