{"id":236029,"date":"2013-03-06T11:17:05","date_gmt":"2013-03-06T10:17:05","guid":{"rendered":"http:\/\/www.ivg.it\/?p=236029"},"modified":"2013-03-06T14:54:17","modified_gmt":"2013-03-06T13:54:17","slug":"savona-cittadinanza-onoraria-ius-soli-a-15-bimbi-in-rete-si-infiamma-il-dibattito-tra-favorevoli-e-contrari","status":"publish","type":"post","link":"https:\/\/staging.ivg.it\/2013\/03\/savona-cittadinanza-onoraria-ius-soli-a-15-bimbi-in-rete-si-infiamma-il-dibattito-tra-favorevoli-e-contrari\/","title":{"rendered":"Savona, cittadinanza onoraria &#8220;ius soli&#8221; a 15 bimbi: in Rete si infiamma il dibattito tra favorevoli e contrari"},"content":{"rendered":"<p><strong>Savona<\/strong>. La cittadinanza onoraria &#8220;ius soli&#8221; conferita ieri dal sindaco Federico Berruti a 15 bambini nati a Savona negli ultimi mesi da genitori cittadini stranieri regolarmente soggiornanti e residenti in citt\u00e0 ha scatenato un accesissimo dibattito in rete. I pareri sull&#8217;iniziativa sono molto discordanti, ma a prevalere sembra essere il fronte dei savonesi che non la gradiscono molto.<\/p>\n<p>Sulla pagina Facebook di Ivg i lettori si sono scatenati nell&#8217;esprimere il loro giudizio sulla cittadinanza per i bimbi nati a Savona da genitori stranieri e il post sull&#8217;argomento ha superato gi\u00e0 quota 40 commenti. <\/p>\n<p>In molti (qualcuno usando toni decisamente forti) criticano la scelta del Comune: &#8220;Mi dispiace ma non sono molto d&#8217;accordo..&#8221; scrive Luca, &#8220;Non ho parole! Pensate ai nostri bambini che hanno scuole fatiscenti per non parlare dei luoghi di gioco che fanno pena&#8230;. Giardini sporchi di m&#8230;.. Di cane se non peggio!&#8221; aggiunge Roberta, ma c&#8217;\u00e8 anche chi scrive &#8220;l&#8217;italia solo a italiani purosangue o &#8220;Fuori dai c..&#8221;.<\/p>\n<p>Ovviamente sono numerosi anche i lettori che si complimentano per l&#8217;idea: &#8220;Pi\u00f9 che positivo questa \u00e8 civilt\u00e0!&#8221; dice Giovanni, &#8220;&#8216;Nati a Savona&#8217;. Dovrebbero avere la cittadinanza italiana dalla nascita&#8221; scrive Gianluca, &#8220;Pi\u00f9 che d accordo!!! Questo e il paese che voglio.. Civile!&#8221; aggiunge un altro internauta e poi c&#8217;\u00e8 chi, rivolgendosi ai piccoli, dice &#8220;Benvenuti&#8221;.<\/p>\n<p>C&#8217;\u00e8 anche uno straniero che, sentendosi chiamato in causa da alcuni commenti, replica con rabbia: &#8220;Mi spiace per i vostri ragionamenti dei primitivi. Ma cosa pensate che gli immigrati servono solo a fare i lavori a basso prezzo e mantenere i vostri vecchietti? Andate tutti a f&#8230;o&#8221; dice Isuf. Un pensiero che ha scatenato le repliche di altri cittadini italiani: &#8220;Non \u00e8 qustione di ragionamenti da primitivi o di razzismo..anzio io non sono razzista tutt&#8217;altro..\u00e8 solo che alle volte sti politicanti danno il contentino per apparire e prendere adesioni&#8230;per quanto riguarda la situazione italiana..vedo solo che alle volte gli &#8216;stranieri&#8217; hanno pi\u00f9 diritto degli italiani..esempio: esiste un sussidio per gli anziani extracomunitari(orribile parola) di 550 euro al mese senza che loro (gli anziani stranieri) abbiano mai versato un contributo&#8230;di contro un artigiano che si \u00e8 dissanguato pagando per anni tanti soldi in tasse si ritrova una pensione minima di 500 euro..questo io lo trovo ingiusto e se dico che prima vengono gli italiani non escludo se fattibile un aiuto anche agli &#8216;stranieri&#8217;&#8230;.ciao&#8221;.<\/p>\n<p>C&#8217;\u00e8 poi anche chi coglie l&#8217;occasione per un&#8217;analisi pi\u00f9 &#8220;politica&#8221;: &#8220;I sindaci, eletti e stipendiati dai contribuenti, farebbero meglio ad occuparsi delle vicende che gli competono invece di venirsene fuori con queste iniziative populiste a chiaro sfondo ideologico\/politico. La legge sulla cittadinanza e&#8217; da cambiare solo se lo vogliono coloro che italiani lo sono gia&#8217; e non con iniziative personali. Il PD e&#8217; pro, il centrodestra e grillini mi pare proprio di no; quindi statisticamente solo il 30% degli elettori e&#8217; a favore. I politicanti nostrani farebbero meglio a rispettare il volere del 70% dell&#8217;elettorato al quale la legge va bene cosi com&#8217;\u00e8. Sono ben altre le priorit\u00e0&#8221; scrive Alessandro.<\/p>\n<p>Per finire c&#8217;\u00e8 chi, come Anna, \u00e8 indignata per certi commenti: &#8220;Che dire&#8230;non volevo commentare, ma parlando con una persona mi \u00e8 salita la classica&#8230;&#8217;carogna&#8217;! Vorrei rivolgermi a tutti quelli che si sono &#8216;indignati&#8217; per la scelta del Sindaco a tutti voi vorrei urlarvi un&#8230;vergognatevi!! Siete tutti pronti a sputare sentenze gratuite, ma non pensate che sono bambini&#8230;.che un domani i vostri figli potrebbero essere costretti a migrare in un&#8217;altro stato e i vostri nipoti potrebbero essere discriminati e non considerati cittadini di quello stato a tutti gli effetti! Tutti daccordo se si tratta di animali, ci si mobilita tutti per salvare dal cassonetto un cagnolino o un gattino (sono io la prima a farlo) si fa a gara per adottarlo oppure si spendono fior fiore di quattrini per comperare un cagnolino di razza&#8230;.ma, non esiste la &#8216;pura razza Italiana&#8217; &#8230;.e quelli che qualcuno chiama &#8216;buoni a nulla&#8217; sono persona con ossa e sangue come noi che per la maggior parte fanno i lavori che noi &#8216;di pura razza italiana&#8217; non vogliamo pi\u00f9 fare (per fortuna non tutti). Concludo dicendo a tutti quelli che hanno gridato allo scandalo e hanno commentato negativamente la notizia che mi vergogno profondamente per loro e ad un bambino non potrei mai dire&#8230;&#8217;fuori dalle palle&#8217;!! Grazie Sindaco&#8221;.<\/p>\n<p>Per finre c&#8217;\u00e8 Valeria che ci scrive: &#8220;Sono esterefatta dai commenti apparsi a margine dell&#8217;articolo sulla cittadinanza data ai bambini nati in Italia da genitori stranieri. Uno spaccato di Paese che non mi appartiene e con il quale non ho nulla in comune. Un&#8217;altra volta mi vergogno di essere italiana&#8221;.<\/p>\n","protected":false},"excerpt":{"rendered":"<p>Savona. La cittadinanza onoraria &#8220;ius soli&#8221; conferita ieri dal sindaco Federico Berruti a 15 bambini nati a Savona negli ultimi mesi da genitori cittadini stranieri regolarmente soggiornanti e residenti in citt\u00e0 ha scatenato un accesissimo dibattito in rete. I pareri sull&#8217;iniziativa sono molto discordanti, ma a prevalere sembra essere il fronte dei savonesi che non [&hellip;]<\/p>\n","protected":false},"author":13744,"featured_media":0,"comment_status":"open","ping_status":"closed","sticky":false,"template":"","format":"standard","meta":{"footnotes":""},"categories":[34],"tags":[4100,1062,85850,2175],"class_list":["post-236029","post","type-post","status-publish","format-standard","hentry","category-cronaca","tag-cittadinanza","tag-federico-berruti","tag-savona","tag-stranieri","post_cat_citta-savona"],"amp_validity":null,"amp_enabled":true,"_links":{"self":[{"href":"https:\/\/staging.ivg.it\/ediapi\/wp\/v2\/posts\/236029","targetHints":{"allow":["GET"]}}],"collection":[{"href":"https:\/\/staging.ivg.it\/ediapi\/wp\/v2\/posts"}],"about":[{"href":"https:\/\/staging.ivg.it\/ediapi\/wp\/v2\/types\/post"}],"author":[{"embeddable":true,"href":"https:\/\/staging.ivg.it\/ediapi\/wp\/v2\/users\/13744"}],"replies":[{"embeddable":true,"href":"https:\/\/staging.ivg.it\/ediapi\/wp\/v2\/comments?post=236029"}],"version-history":[{"count":0,"href":"https:\/\/staging.ivg.it\/ediapi\/wp\/v2\/posts\/236029\/revisions"}],"wp:attachment":[{"href":"https:\/\/staging.ivg.it\/ediapi\/wp\/v2\/media?parent=236029"}],"wp:term":[{"taxonomy":"category","embeddable":true,"href":"https:\/\/staging.ivg.it\/ediapi\/wp\/v2\/categories?post=236029"},{"taxonomy":"post_tag","embeddable":true,"href":"https:\/\/staging.ivg.it\/ediapi\/wp\/v2\/tags?post=236029"}],"curies":[{"name":"wp","href":"https:\/\/api.w.org\/{rel}","templated":true}]}}