{"id":235901,"date":"2013-03-05T13:04:18","date_gmt":"2013-03-05T12:04:18","guid":{"rendered":"http:\/\/www.ivg.it\/?p=235901"},"modified":"2013-03-05T19:23:43","modified_gmt":"2013-03-05T18:23:43","slug":"maltempo-in-arrivo-torna-la-neve-allerta-1-nellentroterra-savonese","status":"publish","type":"post","link":"https:\/\/staging.ivg.it\/2013\/03\/maltempo-in-arrivo-torna-la-neve-allerta-1-nellentroterra-savonese\/","title":{"rendered":"Maltempo in arrivo, torna la neve: allerta 1 nell&#8217;entroterra savonese"},"content":{"rendered":"<p><strong>Savona.<\/strong> La Protezione Civile della Regione Liguria, in base alle previsioni del centro meteo Arpal di questa mattina, ha emanato lo stato di allerta 1 per neve, dalle ore 20 di stasera, marted\u00ec 5 marzo, alle ore 15 di domani, mercoled\u00ec 6 marzo. La zona interessata \u00e8 l\u2019entroterra savonese, dove sono attese abbondanti precipitazioni nevose.<\/p>\n<p>Si raccomanda particolare attenzione sui tracciati autostradali cos\u00ec come sulle principali arterie di collegamento stradale. Per maggiori dettagli e per aggiornamenti si invita a visitare il sito internet www.allertaliguria.gov.it, dove si possono trovare anche le misure di autoprotezione. In relazione all&#8217;allerta meteo di livello 1 sono stati predisposti, in sede di Prefettura, i dispositivi di protezione civile nei comuni e nelle zone che saranno interessate dall&#8217;ondata di maltempo e dall&#8217;arrivo della neve.<\/p>\n","protected":false},"excerpt":{"rendered":"<p>Savona. La Protezione Civile della Regione Liguria, in base alle previsioni del centro meteo Arpal di questa mattina, ha emanato lo stato di allerta 1 per neve, dalle ore 20 di stasera, marted\u00ec 5 marzo, alle ore 15 di domani, mercoled\u00ec 6 marzo. La zona interessata \u00e8 l\u2019entroterra savonese, dove sono attese abbondanti precipitazioni nevose. [&hellip;]<\/p>\n","protected":false},"author":13744,"featured_media":0,"comment_status":"open","ping_status":"closed","sticky":false,"template":"","format":"standard","meta":{"footnotes":""},"categories":[],"tags":[3144,4284,651,598,677,295,85850],"class_list":["post-235901","post","type-post","status-publish","format-standard","hentry","tag-allerta-meteo","tag-entroterra","tag-maltempo","tag-neve","tag-protezione-civile","tag-regione","tag-savona","post_cat_citta-andora","post_cat_citta-savona"],"amp_validity":null,"amp_enabled":true,"_links":{"self":[{"href":"https:\/\/staging.ivg.it\/ediapi\/wp\/v2\/posts\/235901","targetHints":{"allow":["GET"]}}],"collection":[{"href":"https:\/\/staging.ivg.it\/ediapi\/wp\/v2\/posts"}],"about":[{"href":"https:\/\/staging.ivg.it\/ediapi\/wp\/v2\/types\/post"}],"author":[{"embeddable":true,"href":"https:\/\/staging.ivg.it\/ediapi\/wp\/v2\/users\/13744"}],"replies":[{"embeddable":true,"href":"https:\/\/staging.ivg.it\/ediapi\/wp\/v2\/comments?post=235901"}],"version-history":[{"count":0,"href":"https:\/\/staging.ivg.it\/ediapi\/wp\/v2\/posts\/235901\/revisions"}],"wp:attachment":[{"href":"https:\/\/staging.ivg.it\/ediapi\/wp\/v2\/media?parent=235901"}],"wp:term":[{"taxonomy":"category","embeddable":true,"href":"https:\/\/staging.ivg.it\/ediapi\/wp\/v2\/categories?post=235901"},{"taxonomy":"post_tag","embeddable":true,"href":"https:\/\/staging.ivg.it\/ediapi\/wp\/v2\/tags?post=235901"}],"curies":[{"name":"wp","href":"https:\/\/api.w.org\/{rel}","templated":true}]}}