{"id":235757,"date":"2013-03-02T18:52:37","date_gmt":"2013-03-02T17:52:37","guid":{"rendered":"http:\/\/www.ivg.it\/?p=235757"},"modified":"2013-03-03T15:46:32","modified_gmt":"2013-03-03T14:46:32","slug":"meteo-liguria-domenica-quasi-primaverile-ma-da-meta-settimana-tornano-le-piogge","status":"publish","type":"post","link":"https:\/\/staging.ivg.it\/2013\/03\/meteo-liguria-domenica-quasi-primaverile-ma-da-meta-settimana-tornano-le-piogge\/","title":{"rendered":"Meteo Liguria, domenica quasi primaverile, ma da met\u00e0 settimana tornano le piogge"},"content":{"rendered":"<p><strong>Liguria<\/strong>. E&#8217; un weekend quasi primaverile quello inziato oggi, con cielo terso e temperature in rialzo. Oggi le massime sono arrivate nel Lavante ligure a 17\u00b0gradi mentre altrove sono state un po\u2019 frenate da vento di tramontana abbastanza sostenuto. Per domani il copione sar\u00e0 lo stesso, ma con venti in calo che permetteranno a tutti i liguri di godere appieno di questo primo assaggio di primavera anticipata.<\/p>\n<p>Tempo stabile anche luned\u00ec e buona parte di marted\u00ec. Verso la sera del 5 marzo per\u00f2 \u201csi faranno largo da ovest \u2013 fanno sapere i meteorologi di 3Bmeteo \u2013 le prime avvisaglie di un peggioramento del tempo che sar\u00e0 pi\u00f9 palese nei giorni a seguire quando una nuova intensa perturbazione aprir\u00e0 una fase di piogge in particolare al Nord e sui versanti Tirrenici. Maltempo che, in sostanza, e con qualche schiarita intermedia, potrebbe non lasciarci fino al 10.<\/p>\n","protected":false},"excerpt":{"rendered":"<p>Liguria. E&#8217; un weekend quasi primaverile quello inziato oggi, con cielo terso e temperature in rialzo. Oggi le massime sono arrivate nel Lavante ligure a 17\u00b0gradi mentre altrove sono state un po\u2019 frenate da vento di tramontana abbastanza sostenuto. Per domani il copione sar\u00e0 lo stesso, ma con venti in calo che permetteranno a tutti [&hellip;]<\/p>\n","protected":false},"author":13744,"featured_media":0,"comment_status":"open","ping_status":"closed","sticky":false,"template":"","format":"standard","meta":{"footnotes":""},"categories":[34],"tags":[393,652,653,4502],"class_list":["post-235757","post","type-post","status-publish","format-standard","hentry","category-cronaca","tag-liguria","tag-meteo","tag-previsioni","tag-tempo","post_cat_citta-andora"],"amp_validity":null,"amp_enabled":true,"_links":{"self":[{"href":"https:\/\/staging.ivg.it\/ediapi\/wp\/v2\/posts\/235757","targetHints":{"allow":["GET"]}}],"collection":[{"href":"https:\/\/staging.ivg.it\/ediapi\/wp\/v2\/posts"}],"about":[{"href":"https:\/\/staging.ivg.it\/ediapi\/wp\/v2\/types\/post"}],"author":[{"embeddable":true,"href":"https:\/\/staging.ivg.it\/ediapi\/wp\/v2\/users\/13744"}],"replies":[{"embeddable":true,"href":"https:\/\/staging.ivg.it\/ediapi\/wp\/v2\/comments?post=235757"}],"version-history":[{"count":0,"href":"https:\/\/staging.ivg.it\/ediapi\/wp\/v2\/posts\/235757\/revisions"}],"wp:attachment":[{"href":"https:\/\/staging.ivg.it\/ediapi\/wp\/v2\/media?parent=235757"}],"wp:term":[{"taxonomy":"category","embeddable":true,"href":"https:\/\/staging.ivg.it\/ediapi\/wp\/v2\/categories?post=235757"},{"taxonomy":"post_tag","embeddable":true,"href":"https:\/\/staging.ivg.it\/ediapi\/wp\/v2\/tags?post=235757"}],"curies":[{"name":"wp","href":"https:\/\/api.w.org\/{rel}","templated":true}]}}