{"id":235672,"date":"2013-03-01T15:10:10","date_gmt":"2013-03-01T14:10:10","guid":{"rendered":"http:\/\/www.ivg.it\/?p=235672"},"modified":"2013-03-02T11:11:51","modified_gmt":"2013-03-02T10:11:51","slug":"cairo-guida-in-stato-debbrezza-o-senza-patente-tre-denunce","status":"publish","type":"post","link":"https:\/\/staging.ivg.it\/2013\/03\/cairo-guida-in-stato-debbrezza-o-senza-patente-tre-denunce\/","title":{"rendered":"Cairo, guida in stato d&#8217;ebbrezza o senza patente: tre denunce"},"content":{"rendered":"<p><strong>Cairo M<\/strong>. Prosegue l&#8217;attivit\u00e0 di controlli sulle strade valbormidesi da parte del Nucleo Radiomobile dei carabinieri di Cairo Montenotte. <\/p>\n<p>Due gli automobilisti denunciati per guida in stato d&#8217;ebbrezza: si tratta di un 33enne di Altare che aveva in corpo una quantit\u00e0 di alcol superiore al consentito (1,3 g\/l) e un 22enne di Cairo che si \u00e8 rifiutato di sottoporsi al test. Il primo \u00e8 stato denunciato, gli \u00e8 stata ritirata la patente e sequestrato il mezzo; idem per il 22enne cui per\u00f2 non \u00e8 stato sequestrato il mezzo in quanto intestato ad altri.<\/p>\n<p>Nell&#8217;ambito del medesimi controlli, un 24enne albanese residente a Carcare \u00e8 stato deferito per guida senza patente. Il suo veicolo \u00e8 stato sottoposto a sequestro amministrativo.<\/p>\n","protected":false},"excerpt":{"rendered":"<p>Cairo M. Prosegue l&#8217;attivit\u00e0 di controlli sulle strade valbormidesi da parte del Nucleo Radiomobile dei carabinieri di Cairo Montenotte. Due gli automobilisti denunciati per guida in stato d&#8217;ebbrezza: si tratta di un 33enne di Altare che aveva in corpo una quantit\u00e0 di alcol superiore al consentito (1,3 g\/l) e un 22enne di Cairo che si [&hellip;]<\/p>\n","protected":false},"author":13744,"featured_media":0,"comment_status":"open","ping_status":"closed","sticky":false,"template":"","format":"standard","meta":{"footnotes":""},"categories":[34],"tags":[151,228,24362],"class_list":["post-235672","post","type-post","status-publish","format-standard","hentry","category-cronaca","tag-cairo","tag-carabinieri","tag-guida-in-stato-debbrezza","post_cat_citta-cairo-montenotte"],"amp_validity":null,"amp_enabled":true,"_links":{"self":[{"href":"https:\/\/staging.ivg.it\/ediapi\/wp\/v2\/posts\/235672","targetHints":{"allow":["GET"]}}],"collection":[{"href":"https:\/\/staging.ivg.it\/ediapi\/wp\/v2\/posts"}],"about":[{"href":"https:\/\/staging.ivg.it\/ediapi\/wp\/v2\/types\/post"}],"author":[{"embeddable":true,"href":"https:\/\/staging.ivg.it\/ediapi\/wp\/v2\/users\/13744"}],"replies":[{"embeddable":true,"href":"https:\/\/staging.ivg.it\/ediapi\/wp\/v2\/comments?post=235672"}],"version-history":[{"count":0,"href":"https:\/\/staging.ivg.it\/ediapi\/wp\/v2\/posts\/235672\/revisions"}],"wp:attachment":[{"href":"https:\/\/staging.ivg.it\/ediapi\/wp\/v2\/media?parent=235672"}],"wp:term":[{"taxonomy":"category","embeddable":true,"href":"https:\/\/staging.ivg.it\/ediapi\/wp\/v2\/categories?post=235672"},{"taxonomy":"post_tag","embeddable":true,"href":"https:\/\/staging.ivg.it\/ediapi\/wp\/v2\/tags?post=235672"}],"curies":[{"name":"wp","href":"https:\/\/api.w.org\/{rel}","templated":true}]}}