{"id":235551,"date":"2013-02-28T12:09:33","date_gmt":"2013-02-28T11:09:33","guid":{"rendered":"http:\/\/www.ivg.it\/?p=235551"},"modified":"2013-02-28T17:44:36","modified_gmt":"2013-02-28T16:44:36","slug":"boscaiolo-precipita-da-una-fascia-a-ellera-soccorsi-sul-posto","status":"publish","type":"post","link":"https:\/\/staging.ivg.it\/2013\/02\/boscaiolo-precipita-da-una-fascia-a-ellera-soccorsi-sul-posto\/","title":{"rendered":"Boscaiolo precipita da una fascia a Ellera: non \u00e8 in pericolo di vita"},"content":{"rendered":"<p><strong>Albisola S<\/strong>. Soccorsi a Ellera, frazione di Albisola Superiore. Stando alle prime informazioni, un boscaiolo \u00e8 caduto da una fascia verso il fiume compiendo un volo di circa dieci metri. I rami hanno per fortuna attutito la sua caduta.<\/p>\n<p>La zona impervia ha richiesto l&#8217;ausilio dell&#8217;elicottero dei vigili del fuoco. I medici del 118 hanno soccorso il ferito che \u00e8 cosciente e che \u00e8 stato traportato al San Martino di Genova, soprattutto a causa di un importante trauma toracico. Non \u00e8 in pericolo di vita. L&#8217;allarme \u00e8 scattato poco dopo le 10,30.<\/p>\n<p>L&#8217;uomo si \u00e8 infortunato mentre stava procedendo a un taglio di piante.<\/p>\n","protected":false},"excerpt":{"rendered":"<p>Albisola S. Soccorsi a Ellera, frazione di Albisola Superiore. Stando alle prime informazioni, un boscaiolo \u00e8 caduto da una fascia verso il fiume compiendo un volo di circa dieci metri. I rami hanno per fortuna attutito la sua caduta. La zona impervia ha richiesto l&#8217;ausilio dell&#8217;elicottero dei vigili del fuoco. I medici del 118 hanno [&hellip;]<\/p>\n","protected":false},"author":13744,"featured_media":0,"comment_status":"open","ping_status":"closed","sticky":false,"template":"","format":"standard","meta":{"footnotes":""},"categories":[34],"tags":[432,735,2246],"class_list":["post-235551","post","type-post","status-publish","format-standard","hentry","category-cronaca","tag-albisola","tag-elicottero","tag-infortunio","post_cat_citta-albisola-superiore"],"amp_validity":null,"amp_enabled":true,"_links":{"self":[{"href":"https:\/\/staging.ivg.it\/ediapi\/wp\/v2\/posts\/235551","targetHints":{"allow":["GET"]}}],"collection":[{"href":"https:\/\/staging.ivg.it\/ediapi\/wp\/v2\/posts"}],"about":[{"href":"https:\/\/staging.ivg.it\/ediapi\/wp\/v2\/types\/post"}],"author":[{"embeddable":true,"href":"https:\/\/staging.ivg.it\/ediapi\/wp\/v2\/users\/13744"}],"replies":[{"embeddable":true,"href":"https:\/\/staging.ivg.it\/ediapi\/wp\/v2\/comments?post=235551"}],"version-history":[{"count":0,"href":"https:\/\/staging.ivg.it\/ediapi\/wp\/v2\/posts\/235551\/revisions"}],"wp:attachment":[{"href":"https:\/\/staging.ivg.it\/ediapi\/wp\/v2\/media?parent=235551"}],"wp:term":[{"taxonomy":"category","embeddable":true,"href":"https:\/\/staging.ivg.it\/ediapi\/wp\/v2\/categories?post=235551"},{"taxonomy":"post_tag","embeddable":true,"href":"https:\/\/staging.ivg.it\/ediapi\/wp\/v2\/tags?post=235551"}],"curies":[{"name":"wp","href":"https:\/\/api.w.org\/{rel}","templated":true}]}}