{"id":235471,"date":"2013-02-27T11:33:55","date_gmt":"2013-02-27T10:33:55","guid":{"rendered":"http:\/\/www.ivg.it\/?p=235471"},"modified":"2013-02-28T08:00:15","modified_gmt":"2013-02-28T07:00:15","slug":"la-lega-festeggia-la-vittoria-di-maroni-il-sindaco-guarnieri-ora-la-macroregione-del-nord-ma-non-dimenticare-la-liguria","status":"publish","type":"post","link":"https:\/\/staging.ivg.it\/2013\/02\/la-lega-festeggia-la-vittoria-di-maroni-il-sindaco-guarnieri-ora-la-macroregione-del-nord-ma-non-dimenticare-la-liguria\/","title":{"rendered":"La Lega festeggia la vittoria di Maroni. Il sindaco Guarnieri: &#8220;Ora la macroregione del Nord, ma non dimenticare la Liguria&#8221;"},"content":{"rendered":"<p><strong>Albenga.<\/strong> Anche nel savonese, nonostante la d\u00e9b\u00e2cle elettorale delle elezioni politiche,la Lega Nord ha festeggiato la vittoria di Roberto Maroni nelle attese elezioni regionali in Lombardia. Lo stesso segretario cittadino savonese e candidato Massimo Arecco aveva dichiarato che \u201cle elezioni in Lombardia sono la vera sfida elettorale per il Carroccio, con Maroni presidente e l\u2019obiettivo di far partire il nuovo corso politico leghista\u2026\u201d.<\/p>\n<p>Questa mattina, via Facebook, le congratulazioni al segretario federale, Roberto Maroni, sono arrivate dal sindaco di Albenga Rosy Guarnieri: \u201cMissione compiuta, caro Roberto, e ora avanti tutta con il progetto di macro regione del Nord, un obiettivo di grandissima importanza, in cui tutti noi crediamo e speriamo, dopo aver mancato per un soffio &#8211; ma non per colpa nostra &#8211; il traguardo della devolution e dopo non essere riusciti a convincere le altre forze politiche che l&#8217;unica salvezza, per questo paese, sarebbe stata il federalismo, con pi\u00f9 poteri e pi\u00f9 importanza per il territorio. La macroregione, con te, Roberto Cota II e Luca Zaia, sar\u00e0 la dimostrazione reale di come una aggregazione di regioni, forza trainante del nord, possa far sentire il proprio peso, e magari convincere anche coloro che sono di ideologia diversa\u201d.<\/p>\n<p>\u201cDa ligure, nel rallegrarmi per il sogno avveratosi in Lombardia, mi preoccupo anche per le altre regioni, come la nostra, dove la Lega Nord ha subito un forte calo: \u00e8 giusto fare una serena analisi del voto, in modo imparziale, con saggezza e senza simpatie o antipatie, e mettersi quindi &#8211; tutti noi che crediamo nel progetto della Lega &#8211; al lavoro con azioni che ci proiettino nel futuro. Dobbiamo superare le criticit\u00e0, recuperare i consensi andati altrove, e captare il voto dei giovani, come la Lega ha sempre fatto. Siamo pronti a lavorare, sempre interpretando le esigenze del territorio, e rivolgendoci alle nuove generazioni, comunicando con loro. E di conseguenza chiedere a chi ha dato molto alla Lega, ma che non pu\u00f2 o non vuole pi\u00f9 dare, di mettersi da parte\u201d conclude il primo cittadino di Albenga.<\/p>\n","protected":false},"excerpt":{"rendered":"<p>Albenga. Anche nel savonese, nonostante la d\u00e9b\u00e2cle elettorale delle elezioni politiche,la Lega Nord ha festeggiato la vittoria di Roberto Maroni nelle attese elezioni regionali in Lombardia. Lo stesso segretario cittadino savonese e candidato Massimo Arecco aveva dichiarato che \u201cle elezioni in Lombardia sono la vera sfida elettorale per il Carroccio, con Maroni presidente e l\u2019obiettivo [&hellip;]<\/p>\n","protected":false},"author":4,"featured_media":0,"comment_status":"open","ping_status":"closed","sticky":false,"template":"","format":"standard","meta":{"footnotes":""},"categories":[31],"tags":[85841,23765,218,630,393,3027,6607],"class_list":["post-235471","post","type-post","status-publish","format-standard","hentry","category-politica","tag-albenga","tag-carroccio","tag-elezioni","tag-lega-nord","tag-liguria","tag-roberto-maroni","tag-rosy-guarnieri","post_cat_citta-albenga","post_cat_citta-andora"],"amp_validity":null,"amp_enabled":true,"_links":{"self":[{"href":"https:\/\/staging.ivg.it\/ediapi\/wp\/v2\/posts\/235471","targetHints":{"allow":["GET"]}}],"collection":[{"href":"https:\/\/staging.ivg.it\/ediapi\/wp\/v2\/posts"}],"about":[{"href":"https:\/\/staging.ivg.it\/ediapi\/wp\/v2\/types\/post"}],"author":[{"embeddable":true,"href":"https:\/\/staging.ivg.it\/ediapi\/wp\/v2\/users\/4"}],"replies":[{"embeddable":true,"href":"https:\/\/staging.ivg.it\/ediapi\/wp\/v2\/comments?post=235471"}],"version-history":[{"count":0,"href":"https:\/\/staging.ivg.it\/ediapi\/wp\/v2\/posts\/235471\/revisions"}],"wp:attachment":[{"href":"https:\/\/staging.ivg.it\/ediapi\/wp\/v2\/media?parent=235471"}],"wp:term":[{"taxonomy":"category","embeddable":true,"href":"https:\/\/staging.ivg.it\/ediapi\/wp\/v2\/categories?post=235471"},{"taxonomy":"post_tag","embeddable":true,"href":"https:\/\/staging.ivg.it\/ediapi\/wp\/v2\/tags?post=235471"}],"curies":[{"name":"wp","href":"https:\/\/api.w.org\/{rel}","templated":true}]}}