{"id":235425,"date":"2013-02-26T17:15:57","date_gmt":"2013-02-26T16:15:57","guid":{"rendered":"http:\/\/www.ivg.it\/?p=235425"},"modified":"2013-02-26T17:15:57","modified_gmt":"2013-02-26T16:15:57","slug":"albenga-in-arrivo-le-telecamere-di-pianeta-mare","status":"publish","type":"post","link":"https:\/\/staging.ivg.it\/2013\/02\/albenga-in-arrivo-le-telecamere-di-pianeta-mare\/","title":{"rendered":"Albenga, in arrivo le telecamere di &#8220;Pianeta Mare&#8221;"},"content":{"rendered":"<p><strong>Albenga<\/strong>. Le telecamere di Rete 4 ritornano sotto le torri di Albenga. Dopo la fortunata esperienza vissuta con \u201cRicette di Famiglia\u201d, programma di punta dell&#8217;emittente Mediaset presentato da Davide Mengacci e Michela Coppa, nei prossimi giorni sar\u00e0 la volta di un&#8217;altra popolare trasmissione di Rete 4: \u201cPianeta Mare\u201d, condotta da Tessa Gelisio,  in onda ogni domenica alle ore 11.00 e alle ore 13.30, dedicata all&#8217;ambiente, al mare, alla pesca e alla cucina del pesce, con il patrocinio del Ministero delle Politiche Agricole, Alimentari e Forestali.<\/p>\n<p>La troupe del programma, nato nel 2003 e a carattere ambientale, culturale e naturalistico, sar\u00e0 ad Albenga nelle giornate di mercoled\u00ec 27 e gioved\u00ec 28 febbraio, ospite della signora Anna Maria Bertazzo, presidente della cooperativa di pescatori \u201cCooperativa Mare\u201d, con sede nel centro storico, nell&#8217;angolo tra Via Enrico d&#8217;Aste e Via G. M. Oddo. Dopo una visita alla sede, alla presenza dell&#8217;Assessore all&#8217;Ambiente del Comune di Albenga Guido Lugani, \u201cPianeta Mare\u201d si sposter\u00e0 all&#8217;Hotel Ligure di Alassio, dove uno chef preparer\u00e0 una ricetta tipica, per poi effettuare riprese, il giorno dopo, a bordo del \u201cDon Carlo\u201d, imbarcazione della cooperativa.<\/p>\n","protected":false},"excerpt":{"rendered":"<p>Albenga. Le telecamere di Rete 4 ritornano sotto le torri di Albenga. Dopo la fortunata esperienza vissuta con \u201cRicette di Famiglia\u201d, programma di punta dell&#8217;emittente Mediaset presentato da Davide Mengacci e Michela Coppa, nei prossimi giorni sar\u00e0 la volta di un&#8217;altra popolare trasmissione di Rete 4: \u201cPianeta Mare\u201d, condotta da Tessa Gelisio, in onda ogni [&hellip;]<\/p>\n","protected":false},"author":13744,"featured_media":0,"comment_status":"open","ping_status":"closed","sticky":false,"template":"","format":"standard","meta":{"footnotes":""},"categories":[],"tags":[85841],"class_list":["post-235425","post","type-post","status-publish","format-standard","hentry","tag-albenga","post_cat_citta-albenga"],"amp_validity":null,"amp_enabled":true,"_links":{"self":[{"href":"https:\/\/staging.ivg.it\/ediapi\/wp\/v2\/posts\/235425","targetHints":{"allow":["GET"]}}],"collection":[{"href":"https:\/\/staging.ivg.it\/ediapi\/wp\/v2\/posts"}],"about":[{"href":"https:\/\/staging.ivg.it\/ediapi\/wp\/v2\/types\/post"}],"author":[{"embeddable":true,"href":"https:\/\/staging.ivg.it\/ediapi\/wp\/v2\/users\/13744"}],"replies":[{"embeddable":true,"href":"https:\/\/staging.ivg.it\/ediapi\/wp\/v2\/comments?post=235425"}],"version-history":[{"count":0,"href":"https:\/\/staging.ivg.it\/ediapi\/wp\/v2\/posts\/235425\/revisions"}],"wp:attachment":[{"href":"https:\/\/staging.ivg.it\/ediapi\/wp\/v2\/media?parent=235425"}],"wp:term":[{"taxonomy":"category","embeddable":true,"href":"https:\/\/staging.ivg.it\/ediapi\/wp\/v2\/categories?post=235425"},{"taxonomy":"post_tag","embeddable":true,"href":"https:\/\/staging.ivg.it\/ediapi\/wp\/v2\/tags?post=235425"}],"curies":[{"name":"wp","href":"https:\/\/api.w.org\/{rel}","templated":true}]}}