{"id":235206,"date":"2013-02-23T15:59:17","date_gmt":"2013-02-23T14:59:17","guid":{"rendered":"http:\/\/www.ivg.it\/?p=235206"},"modified":"2013-02-27T10:31:16","modified_gmt":"2013-02-27T09:31:16","slug":"laigueglia-domenica-3-marzo-la-sesta-edizione-del-trail-mare-e-cielo","status":"publish","type":"post","link":"https:\/\/staging.ivg.it\/2013\/02\/laigueglia-domenica-3-marzo-la-sesta-edizione-del-trail-mare-e-cielo\/","title":{"rendered":"Laigueglia, domenica 3 marzo la sesta edizione del trail \u201cTra Mare e Cielo\u201d"},"content":{"rendered":"<p><strong>Laigueglia<\/strong>. Il Trofeo Laigueglia, il PercFest e lo \u201cSbarco dei saraceni\u201d sono le tre manifestazioni pi\u00f9 note del borgo. Ultimamente ha ripreso il valore che le spettava di diritto anche la Fiera di San Matteo e si \u00e8 fatta largo a spallate di grandi numeri la granfondo di ciclismo. Ultima arrivata e, per quanto paradossale, ormai una tradizione anche se alla prima edizione, \u00e8 \u201cil salto dell\u2019acciuga\u201d.<\/p>\n<p>Ma a Laigueglia c\u2019\u00e8 una piccola perla che raccoglie ogni anno un maggior numero di persone; appassionati di corsa, di natura, di passeggiate e, perch\u00e9 no, di altruismo. E\u2019 il \u201cTrail mare e cielo\u201d, giunto quest\u2019anno alla sua sesta edizione, che avr\u00e0 luogo domenica 3 marzo. Si tratta principalmente di una gara competitiva che, partendo dalla spiaggia, percorre in 26 km tutti i sentieri della collina di Laigueglia, arriva fino al castello di Andora per ritornare poi sul litorale dove \u00e8 possibile mettere finalmente i piedi a acqua. E, in qualche caso, fare anche il primo bagno della stagione.<\/p>\n<p>La novit\u00e0 di quest\u2019anno \u00e8 una speciale classifica che premier\u00e0 i primi tre donatori di sangue e la possibilit\u00e0 di seguire parte del percorso a cammino libero e\/o nordic walking, accompagnati da istruttrice-guida con partenza differita di pochi minuti.<\/p>\n<p>La manifestazione \u00e8 organizzata dall&#8217;Associazione Commerciale Mare e Mestieri di Laigueglia con il patrocinio del Comune e la collaborazione di A.S. Aquilia Laigueglia, U.C. Laigueglia e Pro loco Laigueglia. Si tratta di una prova valida per la classifica del Circuito trail dei monti liguri 2013.<\/p>\n","protected":false},"excerpt":{"rendered":"<p>Laigueglia. Il Trofeo Laigueglia, il PercFest e lo \u201cSbarco dei saraceni\u201d sono le tre manifestazioni pi\u00f9 note del borgo. Ultimamente ha ripreso il valore che le spettava di diritto anche la Fiera di San Matteo e si \u00e8 fatta largo a spallate di grandi numeri la granfondo di ciclismo. Ultima arrivata e, per quanto paradossale, [&hellip;]<\/p>\n","protected":false},"author":13744,"featured_media":0,"comment_status":"open","ping_status":"closed","sticky":false,"template":"","format":"standard","meta":{"footnotes":""},"categories":[32],"tags":[345,85912,24082],"class_list":["post-235206","post","type-post","status-publish","format-standard","hentry","category-sport","tag-corsa","tag-laigueglia","tag-trail-running","post_cat_citta-laigueglia"],"amp_validity":null,"amp_enabled":true,"_links":{"self":[{"href":"https:\/\/staging.ivg.it\/ediapi\/wp\/v2\/posts\/235206","targetHints":{"allow":["GET"]}}],"collection":[{"href":"https:\/\/staging.ivg.it\/ediapi\/wp\/v2\/posts"}],"about":[{"href":"https:\/\/staging.ivg.it\/ediapi\/wp\/v2\/types\/post"}],"author":[{"embeddable":true,"href":"https:\/\/staging.ivg.it\/ediapi\/wp\/v2\/users\/13744"}],"replies":[{"embeddable":true,"href":"https:\/\/staging.ivg.it\/ediapi\/wp\/v2\/comments?post=235206"}],"version-history":[{"count":0,"href":"https:\/\/staging.ivg.it\/ediapi\/wp\/v2\/posts\/235206\/revisions"}],"wp:attachment":[{"href":"https:\/\/staging.ivg.it\/ediapi\/wp\/v2\/media?parent=235206"}],"wp:term":[{"taxonomy":"category","embeddable":true,"href":"https:\/\/staging.ivg.it\/ediapi\/wp\/v2\/categories?post=235206"},{"taxonomy":"post_tag","embeddable":true,"href":"https:\/\/staging.ivg.it\/ediapi\/wp\/v2\/tags?post=235206"}],"curies":[{"name":"wp","href":"https:\/\/api.w.org\/{rel}","templated":true}]}}